{"id":34632,"date":"2021-07-26T20:45:28","date_gmt":"2021-07-26T23:45:28","guid":{"rendered":"https:\/\/portalmovil.com.ar\/?p=34632"},"modified":"2021-07-26T20:45:31","modified_gmt":"2021-07-26T23:45:31","slug":"indignante-le-dio-fernet-a-su-beba-subio-las-imagenes-a-las-redes-y-la-pequena-fue-hospitalizada","status":"publish","type":"post","link":"https:\/\/portalmovil.com.ar\/index.php\/2021\/07\/26\/indignante-le-dio-fernet-a-su-beba-subio-las-imagenes-a-las-redes-y-la-pequena-fue-hospitalizada\/","title":{"rendered":"Indignante: le dio fernet a su beba, subi\u00f3 las im\u00e1genes a las redes y la peque\u00f1a fue hospitalizada"},"content":{"rendered":"\n<p>Seg\u00fan trascendi\u00f3, la nena sufri\u00f3 una intoxicaci\u00f3n alcoh\u00f3lica por lo que debi\u00f3 ser atendida en el Hospital Materno Infantil.<\/p>\n\n\n\n<p>En las \u00faltimas horas se viraliz\u00f3 un\u00a0video, que caus\u00f3 gran indignaci\u00f3n en\u00a0Salta, y en donde se puede ver como una mujer le da fernet a su hija de 3 a\u00f1os.<\/p>\n\n\n\n<p>El escandaloso video fue compartido en las redes sociales por la propia madre, quien se grab\u00f3 d\u00e1ndole\u00a0alcohol\u00a0a su beba y escribi\u00f3:\u00a0<strong>\u201cEl video prohibido de mi cuchi jeje. Hay que festejar as\u00ed\u201d.\u00a0<\/strong>Aunque el caso sali\u00f3 a la luz este fin de semana, los medios locales indicaron que en realidad la pol\u00e9mica escena tuvo lugar durante los festejos por el D\u00eda del Amigo, martes 20 de julio.<\/p>\n\n\n\n<figure class=\"wp-block-video\"><video controls src=\"https:\/\/media.minutouno.com\/adjuntos\/150\/videos\/039\/170\/0039170143.mp4\"><\/video><\/figure>\n\n\n\n<p>Seg\u00fan trascendi\u00f3,\u00a0la menor permaneci\u00f3 en observaci\u00f3n durante varias horas en el Hospital Materno Infantil por un cuadro de intoxicaci\u00f3n alcoh\u00f3lica, aunque ning\u00fan profesional del centro m\u00e9dico hizo declaraciones p\u00fablicas sobre su estado de salud.<\/p>\n\n\n\n<h4 class=\"wp-block-heading\">Secuelas y complicaciones que causa el consumo de alcohol en menores<\/h4>\n\n\n\n<p>El consumo de alcohol en menores puede generar desde una intoxicaci\u00f3n alcoh\u00f3lica hasta un coma alcoh\u00f3lico, y entre las complicaciones m\u00e1s temidas est\u00e1n:<\/p>\n\n\n\n<ul class=\"wp-block-list\"><li><strong>Ahogamiento.<\/strong>&nbsp;El alcohol puede producir v\u00f3mitos, dado que reduce el reflejo de n\u00e1useas y aumenta el riesgo de ahogarte con el v\u00f3mito si est\u00e1s desmayado.<\/li><li><strong>Interrupci\u00f3n de la respiraci\u00f3n.<\/strong>&nbsp;Inhalar v\u00f3mito accidentalmente a los pulmones puede producir una interrupci\u00f3n peligrosa o mortal de la respiraci\u00f3n (asfixia).<\/li><li><strong>Deshidrataci\u00f3n grave.<\/strong>&nbsp;Vomitar puede causar deshidrataci\u00f3n grave, lo que produce presi\u00f3n arterial peligrosamente baja y frecuencia card\u00edaca acelerada.<\/li><li><strong>Convulsiones.<\/strong>&nbsp;El nivel de az\u00facar en sangre puede bajar tanto que se producen convulsiones.<\/li><li><strong>Hipotermia.<\/strong>&nbsp;Tu temperatura corporal puede bajar tanto que produce un paro card\u00edaco.<\/li><li><strong>Latidos del coraz\u00f3n irregulares.<\/strong>&nbsp;La intoxicaci\u00f3n alcoh\u00f3lica puede hacer que el coraz\u00f3n lata irregularmente o, incluso, que se detenga.<\/li><li><strong>Da\u00f1o cerebral.<\/strong>&nbsp;El alcoholismo puede causar da\u00f1o cerebral irreversible.<\/li><li><strong>Muerte.<\/strong>&nbsp;Cualquiera de los problemas anteriores puede causar la muerte.<\/li><\/ul>\n\n\n\n<p>Mientras que las posibles secuelas son muy diversas, pero fundamentalmente tienen relaci\u00f3n con da\u00f1os y alteraciones del sistema nervioso central, cardiovascular y endocrino, as\u00ed como afectaci\u00f3n hep\u00e1tica y del aparato digestivo.<\/p>\n","protected":false},"excerpt":{"rendered":"<p>En las \u00faltimas horas se viraliz\u00f3 un video, que caus\u00f3 gran indignaci\u00f3n en Salta, y en donde se puede ver como una mujer le da fernet a su hija de 3 a\u00f1os.<\/p>\n","protected":false},"author":2,"featured_media":34633,"comment_status":"open","ping_status":"open","sticky":false,"template":"","format":"standard","meta":{"_jetpack_memberships_contains_paid_content":false,"footnotes":"","jetpack_publicize_message":"","jetpack_publicize_feature_enabled":true,"jetpack_social_post_already_shared":true,"jetpack_social_options":{"image_generator_settings":{"template":"highway","default_image_id":0,"font":"","enabled":false},"version":2}},"categories":[3],"tags":[],"class_list":["post-34632","post","type-post","status-publish","format-standard","has-post-thumbnail","hentry","category-sociedad"],"jetpack_publicize_connections":[],"jetpack_featured_media_url":"https:\/\/portalmovil.com.ar\/wp-content\/uploads\/2021\/07\/1-14-PT1w8N1627313201817-1627313653.jpg","jetpack_sharing_enabled":true,"amp_enabled":true,"_links":{"self":[{"href":"https:\/\/portalmovil.com.ar\/index.php\/wp-json\/wp\/v2\/posts\/34632","targetHints":{"allow":["GET"]}}],"collection":[{"href":"https:\/\/portalmovil.com.ar\/index.php\/wp-json\/wp\/v2\/posts"}],"about":[{"href":"https:\/\/portalmovil.com.ar\/index.php\/wp-json\/wp\/v2\/types\/post"}],"author":[{"embeddable":true,"href":"https:\/\/portalmovil.com.ar\/index.php\/wp-json\/wp\/v2\/users\/2"}],"replies":[{"embeddable":true,"href":"https:\/\/portalmovil.com.ar\/index.php\/wp-json\/wp\/v2\/comments?post=34632"}],"version-history":[{"count":1,"href":"https:\/\/portalmovil.com.ar\/index.php\/wp-json\/wp\/v2\/posts\/34632\/revisions"}],"predecessor-version":[{"id":34634,"href":"https:\/\/portalmovil.com.ar\/index.php\/wp-json\/wp\/v2\/posts\/34632\/revisions\/34634"}],"wp:featuredmedia":[{"embeddable":true,"href":"https:\/\/portalmovil.com.ar\/index.php\/wp-json\/wp\/v2\/media\/34633"}],"wp:attachment":[{"href":"https:\/\/portalmovil.com.ar\/index.php\/wp-json\/wp\/v2\/media?parent=34632"}],"wp:term":[{"taxonomy":"category","embeddable":true,"href":"https:\/\/portalmovil.com.ar\/index.php\/wp-json\/wp\/v2\/categories?post=34632"},{"taxonomy":"post_tag","embeddable":true,"href":"https:\/\/portalmovil.com.ar\/index.php\/wp-json\/wp\/v2\/tags?post=34632"}],"curies":[{"name":"wp","href":"https:\/\/api.w.org\/{rel}","templated":true}]}}