{"id":3460,"date":"2020-03-15T11:06:48","date_gmt":"2020-03-15T14:06:48","guid":{"rendered":"http:\/\/portalmovil.com.ar\/?p=3460"},"modified":"2020-03-15T11:06:55","modified_gmt":"2020-03-15T14:06:55","slug":"fernandez-paremos-la-argentina-durante-10-dias-y-quedemonos-en-casa","status":"publish","type":"post","link":"https:\/\/portalmovil.com.ar\/index.php\/2020\/03\/15\/fernandez-paremos-la-argentina-durante-10-dias-y-quedemonos-en-casa\/","title":{"rendered":"Fern\u00e1ndez: \u00abParemos la Argentina durante 10 d\u00edas y qued\u00e9monos en casa\u00bb"},"content":{"rendered":"\n<p>El presidente Alberto Fern\u00e1ndez sostuvo este domingo que el Gobierno est\u00e1<strong>\u00a0\u201canalizando la posibilidad de hacer un corte\u201d\u00a0<\/strong>y \u201ctomar una serie de medidas para que cada uno se quede en su casa\u201d para evitar la circulaci\u00f3n del virus y remarc\u00f3 que \u201cla idea est\u00e1 avanzada, pero estamos esperando el momento\u201d debido a las consecuencias econ\u00f3micas.<\/p>\n\n\n\n<p>\u201cSi logramos que en una semana entera la gente se quede en su casa el virus no circular\u00eda, pero eso tiene consecuencias econ\u00f3micas\u201d, sentenci\u00f3 el Presidente en declaraciones a Radio 10.<\/p>\n\n\n\n<p>Adem\u00e1s. Fern\u00e1ndez remarc\u00f3 que ser\u00e1 \u201cinflexible\u201d con quienes habiendo llegado a la Argentina de un pa\u00eds afectado por la pandemia del coronavirus no cumplan la cuarentena, y remarc\u00f3 que \u201cno es mano dura, es protecci\u00f3n\u201d, porque la enfermedad \u201cse expande a una velocidad muy grande\u201d, por lo que llam\u00f3 a la gente a que ayude a tomar conciencia.<\/p>\n\n\n\n<figure class=\"wp-block-image\"><img decoding=\"async\" src=\"https:\/\/viapais.com.ar\/files\/2020\/03\/20200315130420_7558495_1_body-768x512.jpg\" alt=\"Handout picture released on March 13, 2020, by Argentina's presidency of Argentina's President Alberto Fernandez while recording the first national TV broadcast to announce measures to prevent the new coronavirus, COVID-19, at Casa Rosada in Buenos Aires, on March 12. (Photo by ESTEBAN COLLAZO \/ ARGENTINE PRESIDENCY \/ AFP) \/ RESTRICTED TO EDITORIAL USE - MANDATORY CREDIT &quot;AFP PHOTO \/ ARGENTINA'S PRESIDENCY&quot; - NO MARKETING NO ADVERTISING CAMPAIGNS - DISTRIBUTED AS A SERVICE TO CLIENTS\"\/><\/figure>\n\n\n\n<p>En este sentido, se refiri\u00f3 al caso del una persona que\u00a0agredi\u00f3 a un guardia porque le pidi\u00f3 que cumpla la cuarentena y asegur\u00f3 que \u00e9l mismo quiere \u201cmeterlo preso personalmente\u201d.<\/p>\n\n\n\n<p>El Presidente\u00a0confirm\u00f3 que hoy se reunir\u00e1 a las 17 en la residencia de Olivos con sus ministros para seguir la evoluci\u00f3n de la situaci\u00f3n generada por el coronavirus y\u00a0analizar la decisi\u00f3n que tomar\u00e1n respecto a la continuidad de las clases, algo que, remarc\u00f3, se est\u00e1 estudiando d\u00eda a d\u00eda.<\/p>\n\n\n\n<p>De la reuni\u00f3n tambi\u00e9n participar\u00e1, seg\u00fan dijo, el gobernador<strong>&nbsp;Axel Kicillof<\/strong>, con sus ministros de Educaci\u00f3n y de Salud, por ser Buenos Aires la provincia m\u00e1s afectada .<\/p>\n\n\n\n<p>A su vez, manifest\u00f3 que&nbsp;<strong>el gobierno nacional sigue \u201ctrabajando igual\u201d en materia econ\u00f3mica con el ministro de Econom\u00eda<\/strong>,&nbsp;<strong>Mart\u00edn Guzm\u00e1n<\/strong>, respecto a la situaci\u00f3n de la deuda con el Fondo Monetario Internacional y tambi\u00e9n a la econom\u00eda en general, ya que asumi\u00f3 que \u201cel cambio de escenario con el coronavirus\u201d, con gente que debe quedarse en su casa, \u201chace que la recesi\u00f3n se profundice\u201d y haya que \u201cbuscar mecanismos de compensaci\u00f3n\u201d.<\/p>\n\n\n\n<p>Para culminar,&nbsp;el presidente Alberto Fern\u00e1ndez sostuvo que la pandemia de coronavirus es su \u201cprioridad\u201d en este momento y que es \u201cuna pelea que hay que dar como sociedad\u201d, por lo que pidi\u00f3 que \u201ctodos nos involucremos\u201d.<\/p>\n","protected":false},"excerpt":{"rendered":"<p>El presidente Alberto Fern\u00e1ndez sostuvo este domingo que el Gobierno est\u00e1\u00a0\u201canalizando la posibilidad de hacer un corte\u201d\u00a0y \u201ctomar una serie de medidas para que cada uno se quede en su casa\u201d para evitar la circulaci\u00f3n del virus y remarc\u00f3 que \u201cla idea est\u00e1 avanzada, pero estamos esperando el momento\u201d debido a las consecuencias econ\u00f3micas. \u201cSi &hellip;<\/p>\n","protected":false},"author":2,"featured_media":3461,"comment_status":"open","ping_status":"open","sticky":false,"template":"","format":"standard","meta":{"_jetpack_memberships_contains_paid_content":false,"footnotes":"","jetpack_publicize_message":"","jetpack_publicize_feature_enabled":true,"jetpack_social_post_already_shared":true,"jetpack_social_options":{"image_generator_settings":{"template":"highway","default_image_id":0,"font":"","enabled":false},"version":2}},"categories":[12],"tags":[],"class_list":["post-3460","post","type-post","status-publish","format-standard","has-post-thumbnail","hentry","category-ultimo"],"jetpack_publicize_connections":[],"jetpack_featured_media_url":"https:\/\/portalmovil.com.ar\/wp-content\/uploads\/2020\/03\/alber.jpg","jetpack_sharing_enabled":true,"amp_enabled":true,"_links":{"self":[{"href":"https:\/\/portalmovil.com.ar\/index.php\/wp-json\/wp\/v2\/posts\/3460","targetHints":{"allow":["GET"]}}],"collection":[{"href":"https:\/\/portalmovil.com.ar\/index.php\/wp-json\/wp\/v2\/posts"}],"about":[{"href":"https:\/\/portalmovil.com.ar\/index.php\/wp-json\/wp\/v2\/types\/post"}],"author":[{"embeddable":true,"href":"https:\/\/portalmovil.com.ar\/index.php\/wp-json\/wp\/v2\/users\/2"}],"replies":[{"embeddable":true,"href":"https:\/\/portalmovil.com.ar\/index.php\/wp-json\/wp\/v2\/comments?post=3460"}],"version-history":[{"count":1,"href":"https:\/\/portalmovil.com.ar\/index.php\/wp-json\/wp\/v2\/posts\/3460\/revisions"}],"predecessor-version":[{"id":3462,"href":"https:\/\/portalmovil.com.ar\/index.php\/wp-json\/wp\/v2\/posts\/3460\/revisions\/3462"}],"wp:featuredmedia":[{"embeddable":true,"href":"https:\/\/portalmovil.com.ar\/index.php\/wp-json\/wp\/v2\/media\/3461"}],"wp:attachment":[{"href":"https:\/\/portalmovil.com.ar\/index.php\/wp-json\/wp\/v2\/media?parent=3460"}],"wp:term":[{"taxonomy":"category","embeddable":true,"href":"https:\/\/portalmovil.com.ar\/index.php\/wp-json\/wp\/v2\/categories?post=3460"},{"taxonomy":"post_tag","embeddable":true,"href":"https:\/\/portalmovil.com.ar\/index.php\/wp-json\/wp\/v2\/tags?post=3460"}],"curies":[{"name":"wp","href":"https:\/\/api.w.org\/{rel}","templated":true}]}}