{"id":34556,"date":"2021-07-26T09:59:53","date_gmt":"2021-07-26T12:59:53","guid":{"rendered":"https:\/\/portalmovil.com.ar\/?p=34556"},"modified":"2021-07-26T09:59:57","modified_gmt":"2021-07-26T12:59:57","slug":"covid-el-706-de-la-poblacion-de-mayores-de-18-anos-ya-se-inoculo-con-al-menos-una-dosis","status":"publish","type":"post","link":"https:\/\/portalmovil.com.ar\/index.php\/2021\/07\/26\/covid-el-706-de-la-poblacion-de-mayores-de-18-anos-ya-se-inoculo-con-al-menos-una-dosis\/","title":{"rendered":"COVID: el 70,6% de la poblaci\u00f3n de mayores de 18 a\u00f1os ya se inocul\u00f3 con al menos una dosis"},"content":{"rendered":"\n<p>El el jefe del Departamento de Inmunizaciones de la provincia, Daniel Ant\u00fanes inform\u00f3 en la ma\u00f1ana de este lunes que el 70.6% de la poblaci\u00f3n de mayores de 18 a\u00f1os del Chaco ya recibi\u00f3, por lo menos, una dosis de la diferentes vacunas contra el coronovirus. El funcionario que a la fecha se llevan aplicadas 765.949.<\/p>\n\n\n\n<p>\u201cEl 29 diciembre asumimos el compromiso, con la indicaci\u00f3n expresa del gobernador Jorge Capitanich, para que cada chaque\u00f1a y chaque\u00f1a de cada rinc\u00f3n de la provincia reciba su vacuna y desde ese momento recorrimos los 69 municipios con el \u00fanico objetivo de llevar esperanza y con la clara convicci\u00f3n de que la vacuna es la \u00fanica salida de esta pandemia\u201d, dijo Ant\u00fanes.<\/p>\n\n\n\n<p>Asever\u00f3 que el avance de la campa\u00f1a de vacunaci\u00f3n se nota en los actuales resultados epidemiol\u00f3gico que muestran una notable merma en los contagios y niveles de internaci\u00f3n. \u201cEsto no ser\u00eda posible si no tuvi\u00e9semos el apoyo del Gobierno de la provincia, pero por sobre todas las cosas el compromiso de cada uno de los vacunadores y vacunadoras, registradores, personal de log\u00edstica, ch\u00f3feres y voluntarios de todos los rincones de la provincia, pero la variable fundamental de este proceso es el fuerte compromiso de todos los chaque\u00f1os y chaque\u00f1as\u201d, asegur\u00f3.<\/p>\n\n\n\n<p>Hizo una llamado a \u201credoblar esfuerzos para que quienes todav\u00eda hoy no se vacunaron, se acerquen a hacerlo y que aquellos a los que le falta completar el esquema, tambi\u00e9n lo hagan\u201d.<\/p>\n\n\n\n<p>Consultado sobre cuando comenzar\u00e1 la inscripci\u00f3n para que menores de 18 a\u00f1os puedan vacunarse, Ant\u00fanes explic\u00f3 que ante la inminente autorizaci\u00f3n de la vacuna Moderna, se espera la confirmaci\u00f3n oficial y los lineamientos desde Naci\u00f3n y que una vez que se obtenga esto, \u201cseguramente, r\u00e1pidamente, comenzaremos a trabajar en la vacunaci\u00f3n\u201d.<\/p>\n","protected":false},"excerpt":{"rendered":"<p>El el jefe del Departamento de Inmunizaciones de la provincia, Daniel Ant\u00fanes inform\u00f3 en la ma\u00f1ana de este lunes que el 70.6% de la poblaci\u00f3n de mayores de 18 a\u00f1os del Chaco ya recibi\u00f3, por lo menos, una dosis de la diferentes vacunas contra el coronovirus. El funcionario que a la fecha se llevan aplicadas &hellip;<\/p>\n","protected":false},"author":2,"featured_media":21531,"comment_status":"open","ping_status":"open","sticky":false,"template":"","format":"standard","meta":{"_jetpack_memberships_contains_paid_content":false,"footnotes":"","jetpack_publicize_message":"","jetpack_publicize_feature_enabled":true,"jetpack_social_post_already_shared":true,"jetpack_social_options":{"image_generator_settings":{"template":"highway","default_image_id":0,"font":"","enabled":false},"version":2}},"categories":[5,46],"tags":[],"class_list":["post-34556","post","type-post","status-publish","format-standard","has-post-thumbnail","hentry","category-chaco","category-salud"],"jetpack_publicize_connections":[],"jetpack_featured_media_url":"https:\/\/portalmovil.com.ar\/wp-content\/uploads\/2021\/02\/vacuna-sputnik.jpg","jetpack_sharing_enabled":true,"amp_enabled":true,"_links":{"self":[{"href":"https:\/\/portalmovil.com.ar\/index.php\/wp-json\/wp\/v2\/posts\/34556","targetHints":{"allow":["GET"]}}],"collection":[{"href":"https:\/\/portalmovil.com.ar\/index.php\/wp-json\/wp\/v2\/posts"}],"about":[{"href":"https:\/\/portalmovil.com.ar\/index.php\/wp-json\/wp\/v2\/types\/post"}],"author":[{"embeddable":true,"href":"https:\/\/portalmovil.com.ar\/index.php\/wp-json\/wp\/v2\/users\/2"}],"replies":[{"embeddable":true,"href":"https:\/\/portalmovil.com.ar\/index.php\/wp-json\/wp\/v2\/comments?post=34556"}],"version-history":[{"count":1,"href":"https:\/\/portalmovil.com.ar\/index.php\/wp-json\/wp\/v2\/posts\/34556\/revisions"}],"predecessor-version":[{"id":34557,"href":"https:\/\/portalmovil.com.ar\/index.php\/wp-json\/wp\/v2\/posts\/34556\/revisions\/34557"}],"wp:featuredmedia":[{"embeddable":true,"href":"https:\/\/portalmovil.com.ar\/index.php\/wp-json\/wp\/v2\/media\/21531"}],"wp:attachment":[{"href":"https:\/\/portalmovil.com.ar\/index.php\/wp-json\/wp\/v2\/media?parent=34556"}],"wp:term":[{"taxonomy":"category","embeddable":true,"href":"https:\/\/portalmovil.com.ar\/index.php\/wp-json\/wp\/v2\/categories?post=34556"},{"taxonomy":"post_tag","embeddable":true,"href":"https:\/\/portalmovil.com.ar\/index.php\/wp-json\/wp\/v2\/tags?post=34556"}],"curies":[{"name":"wp","href":"https:\/\/api.w.org\/{rel}","templated":true}]}}