{"id":34533,"date":"2021-07-26T09:06:49","date_gmt":"2021-07-26T12:06:49","guid":{"rendered":"https:\/\/portalmovil.com.ar\/?p=34533"},"modified":"2021-07-26T09:06:52","modified_gmt":"2021-07-26T12:06:52","slug":"el-gobierno-decreto-la-emergencia-hidrica-por-180-dias-por-la-bajante-del-rio-parana","status":"publish","type":"post","link":"https:\/\/portalmovil.com.ar\/index.php\/2021\/07\/26\/el-gobierno-decreto-la-emergencia-hidrica-por-180-dias-por-la-bajante-del-rio-parana\/","title":{"rendered":"El Gobierno decret\u00f3 la emergencia h\u00eddrica por 180 d\u00edas por la bajante del r\u00edo Paran\u00e1"},"content":{"rendered":"\n<p><strong>A trav\u00e9s del decreto N\u00b0 482\/2021, publicado este lunes en el Bolet\u00edn Oficial, el Gobierno anunci\u00f3 el \u201cEstado de Emergencia H\u00eddrica\u201d por la hist\u00f3rica bajante del r\u00edo Paran\u00e1,<\/strong>\u00a0que afecta a las provincias de Formosa,\u00a0<strong>Chaco, Corrientes<\/strong>, Santa Fe, Entre R\u00edos, Misiones y Buenos Aires, sobre las m\u00e1rgenes de los r\u00edos Paran\u00e1, Paraguay e Iguaz\u00fa.<\/p>\n\n\n\n<p><strong>Ser\u00e1 por 180 d\u00edas, y el decreto establece que se instrumenten medidas de alivio para las zonas y los sectores afectados.&nbsp;<\/strong>Se delimitar\u00e1 las \u00e1reas sujetas a la declaraci\u00f3n de \u201cEstado de Emergencia H\u00eddrica\u201d, en funci\u00f3n de lo que es la peor bajante en 77 a\u00f1os de la principal v\u00eda navegable del pa\u00eds.<\/p>\n\n\n\n<p><strong>Se invita, adem\u00e1s, a los gobiernos provinciales a tomar medidas similares<\/strong>, en especial \u00abaquellas tendientes a disponer un r\u00e9gimen tarifario especial provisorio para los servicios de energ\u00eda el\u00e9ctrica, agua potable y transporte urbano para el sector productivo de las zonas afectadas, mientras dure la emergencia\u00bb.<\/p>\n\n\n\n<p><strong>Se instrument\u00f3 a distintas \u00e1reas del Gobierno a que adopten las medidas necesarias con el objeto de preservar la continuidad de la actividad productiva y la conservaci\u00f3n de los puestos de trabajo en los sectores afectados.<\/strong>&nbsp;Entre ellas, est\u00e1n los ministerios de Desarrollo Productivo, de Trabajo, la AFIP y el Banco Naci\u00f3n.<\/p>\n\n\n\n<p>Asimismo,<strong>\u00a0se indic\u00f3 al Ministerio de Obras P\u00fablicas que realice las \u00abobras de infraestructura necesarias para mitigar los efectos de la emergencia en las zonas afectadas, mientras dure la misma\u00bb y que el de Transporte deber\u00e1 arbitrar \u00ablos medios necesarios para posibilitar la navegaci\u00f3n y los accesos a los puertos mientras dure la emergencia\u00bb<\/strong>. Mientras que el de Ambiente tomar\u00e1 las acciones necesarias para evitar que se produzcan incendios forestales como consecuencia de la bajante.<\/p>\n\n\n\n<p>El decreto promueve medidas que apuntan a un alivio econ\u00f3mico de las zonas afectadas. Por caso, se instruye al Ministerio de Econom\u00eda y a la Secretar\u00eda de Energ\u00eda a adoptar \u00ablas medidas necesarias tendientes a asegurar el normal abastecimiento de la demanda de energ\u00eda el\u00e9ctrica en virtud del \u201cEstado de Emergencia H\u00eddrica\u201d, dispuesto en el art\u00edculo 1\u00b0 del presente decreto, pudiendo para ello disponer los actos y acciones necesarias para procurar el abastecimiento de los recursos primarios cr\u00edticos, como los combustibles, ante la potencial p\u00e9rdida de oferta de generaci\u00f3n el\u00e9ctrica por la afectaci\u00f3n de la bajante extraordinaria del r\u00edo; recurrir a fuentes alternativas de oferta como importaci\u00f3n de energ\u00eda el\u00e9ctrica y\/o combustibles; coordinar acciones de gesti\u00f3n de demanda como la autogeneraci\u00f3n y\/o el uso eficiente, entre otras\u00bb.<\/p>\n\n\n\n<p>\u00abDada la esencialidad que tiene la prestaci\u00f3n de los servicios de gas natural y de electricidad, ante congestionamientos de log\u00edstica producidos por la bajante, se deber\u00e1, en conjunto con el Ministerio de Transporte y el resto de los organismos intervinientes, dar prioridad a la navegabilidad del transporte de los combustibles\u00bb, se explica en el escrito.<\/p>\n","protected":false},"excerpt":{"rendered":"<p>A trav\u00e9s del decreto N\u00b0 482\/2021, publicado este lunes en el Bolet\u00edn Oficial, el Gobierno anunci\u00f3 el \u201cEstado de Emergencia H\u00eddrica\u201d por la hist\u00f3rica bajante del r\u00edo Paran\u00e1,\u00a0que afecta a las provincias de Formosa,\u00a0Chaco, Corrientes, Santa Fe, Entre R\u00edos, Misiones y Buenos Aires, sobre las m\u00e1rgenes de los r\u00edos Paran\u00e1, Paraguay e Iguaz\u00fa. Ser\u00e1 por &hellip;<\/p>\n","protected":false},"author":2,"featured_media":34534,"comment_status":"open","ping_status":"open","sticky":false,"template":"","format":"standard","meta":{"_jetpack_memberships_contains_paid_content":false,"footnotes":"","jetpack_publicize_message":"","jetpack_publicize_feature_enabled":true,"jetpack_social_post_already_shared":true,"jetpack_social_options":{"image_generator_settings":{"template":"highway","default_image_id":0,"font":"","enabled":false},"version":2}},"categories":[28,639],"tags":[],"class_list":["post-34533","post","type-post","status-publish","format-standard","has-post-thumbnail","hentry","category-actualidad","category-argentina"],"jetpack_publicize_connections":[],"jetpack_featured_media_url":"https:\/\/portalmovil.com.ar\/wp-content\/uploads\/2021\/07\/parana-bajante.jpg","jetpack_sharing_enabled":true,"amp_enabled":true,"_links":{"self":[{"href":"https:\/\/portalmovil.com.ar\/index.php\/wp-json\/wp\/v2\/posts\/34533","targetHints":{"allow":["GET"]}}],"collection":[{"href":"https:\/\/portalmovil.com.ar\/index.php\/wp-json\/wp\/v2\/posts"}],"about":[{"href":"https:\/\/portalmovil.com.ar\/index.php\/wp-json\/wp\/v2\/types\/post"}],"author":[{"embeddable":true,"href":"https:\/\/portalmovil.com.ar\/index.php\/wp-json\/wp\/v2\/users\/2"}],"replies":[{"embeddable":true,"href":"https:\/\/portalmovil.com.ar\/index.php\/wp-json\/wp\/v2\/comments?post=34533"}],"version-history":[{"count":1,"href":"https:\/\/portalmovil.com.ar\/index.php\/wp-json\/wp\/v2\/posts\/34533\/revisions"}],"predecessor-version":[{"id":34535,"href":"https:\/\/portalmovil.com.ar\/index.php\/wp-json\/wp\/v2\/posts\/34533\/revisions\/34535"}],"wp:featuredmedia":[{"embeddable":true,"href":"https:\/\/portalmovil.com.ar\/index.php\/wp-json\/wp\/v2\/media\/34534"}],"wp:attachment":[{"href":"https:\/\/portalmovil.com.ar\/index.php\/wp-json\/wp\/v2\/media?parent=34533"}],"wp:term":[{"taxonomy":"category","embeddable":true,"href":"https:\/\/portalmovil.com.ar\/index.php\/wp-json\/wp\/v2\/categories?post=34533"},{"taxonomy":"post_tag","embeddable":true,"href":"https:\/\/portalmovil.com.ar\/index.php\/wp-json\/wp\/v2\/tags?post=34533"}],"curies":[{"name":"wp","href":"https:\/\/api.w.org\/{rel}","templated":true}]}}