{"id":34447,"date":"2021-07-24T17:55:26","date_gmt":"2021-07-24T20:55:26","guid":{"rendered":"https:\/\/portalmovil.com.ar\/?p=34447"},"modified":"2021-07-24T17:55:28","modified_gmt":"2021-07-24T20:55:28","slug":"el-intendente-de-vilelas-gestiono-politicas-publicas-con-el-ipduv-y-el-ministerio-de-industria","status":"publish","type":"post","link":"https:\/\/portalmovil.com.ar\/index.php\/2021\/07\/24\/el-intendente-de-vilelas-gestiono-politicas-publicas-con-el-ipduv-y-el-ministerio-de-industria\/","title":{"rendered":"El intendente de Vilelas gestion\u00f3 pol\u00edticas p\u00fablicas con el Ipduv y el Ministerio de Industria"},"content":{"rendered":"\n<p>El intendente V\u00edctor Rea gestiona y avanza con pol\u00edticas p\u00fablicas en beneficio de la comunidad de Puerto Vilelas<\/p>\n\n\n\n<p>Se llevaron adelante reuniones con el presidente del Instituto Provincial de Desarrollo Urbano y Vivienda (IPDUV) Diego Ar\u00e9valo y con el ministro de Industria, Producci\u00f3n y Empleo Sebasti\u00e1n Lifton. En ambas reuniones se contin\u00faan articulando mecanismos para la ejecuci\u00f3n de proyectos en la localidad.<\/p>\n\n\n\n<p>El intendente de Puerto Vilelas V\u00edctor Rea contin\u00faa trabajando en conjunto con distintas \u00e1reas del Estado provincial, como as\u00ed tambi\u00e9n buscando herramientas para su localidad y as\u00ed generar calidad de vida en su comunidad.<\/p>\n\n\n\n<p>En primer lugar, el jefe comunal vilelense se reuni\u00f3 con el presidente del IPDUV Diego Ar\u00e9valo, con el fin de avanzar en las tarjetas Vivienda Adecuada, donde nuevamente habr\u00e1 cupo nuevamente para Puerto Vilelas.<\/p>\n\n\n\n<p>\u00abTambi\u00e9n hablamos sobre unos t\u00edtulos de propiedad que salieron para nuestros vecinos y vecinas y que vamos a estar entregando pr\u00f3ximamente, como as\u00ed tambi\u00e9n sobre la construcci\u00f3n de viviendas, por lo que estamos buscando los terrenos adecuados para la ejecuci\u00f3n de las mismas\u00bb, expres\u00f3 el mandatario comunal.<\/p>\n\n\n\n<p>\u00abCreemos que vamos a llegar a buen puerto\u00bb<br>Por otra parte, V\u00edctor Rea recorri\u00f3 junto al ministro de Industria, Producci\u00f3n y Empleo Sebasti\u00e1n Lifton el Parque Industrial de la localidad vilelense, ya que hay una firma de productos alimenticios que quiere instalarse en la localidad, \u00abpor lo que se est\u00e1n haciendo los tr\u00e1mites pertinentes y creemos que vamos a llegar a buen puerto con esta f\u00e1brica\u00bb, finaliz\u00f3 el intendente.<\/p>\n","protected":false},"excerpt":{"rendered":"<p>El intendente V\u00edctor Rea gestiona y avanza con pol\u00edticas p\u00fablicas en beneficio de la comunidad de Puerto Vilelas Se llevaron adelante reuniones con el presidente del Instituto Provincial de Desarrollo Urbano y Vivienda (IPDUV) Diego Ar\u00e9valo y con el ministro de Industria, Producci\u00f3n y Empleo Sebasti\u00e1n Lifton. En ambas reuniones se contin\u00faan articulando mecanismos para &hellip;<\/p>\n","protected":false},"author":2,"featured_media":34448,"comment_status":"open","ping_status":"open","sticky":false,"template":"","format":"standard","meta":{"_jetpack_memberships_contains_paid_content":false,"footnotes":"","jetpack_publicize_message":"","jetpack_publicize_feature_enabled":true,"jetpack_social_post_already_shared":true,"jetpack_social_options":{"image_generator_settings":{"template":"highway","default_image_id":0,"font":"","enabled":false},"version":2}},"categories":[5,14],"tags":[],"class_list":["post-34447","post","type-post","status-publish","format-standard","has-post-thumbnail","hentry","category-chaco","category-politica"],"jetpack_publicize_connections":[],"jetpack_featured_media_url":"https:\/\/portalmovil.com.ar\/wp-content\/uploads\/2021\/07\/IMG-20210724-WA0140.jpg","jetpack_sharing_enabled":true,"amp_enabled":true,"_links":{"self":[{"href":"https:\/\/portalmovil.com.ar\/index.php\/wp-json\/wp\/v2\/posts\/34447","targetHints":{"allow":["GET"]}}],"collection":[{"href":"https:\/\/portalmovil.com.ar\/index.php\/wp-json\/wp\/v2\/posts"}],"about":[{"href":"https:\/\/portalmovil.com.ar\/index.php\/wp-json\/wp\/v2\/types\/post"}],"author":[{"embeddable":true,"href":"https:\/\/portalmovil.com.ar\/index.php\/wp-json\/wp\/v2\/users\/2"}],"replies":[{"embeddable":true,"href":"https:\/\/portalmovil.com.ar\/index.php\/wp-json\/wp\/v2\/comments?post=34447"}],"version-history":[{"count":1,"href":"https:\/\/portalmovil.com.ar\/index.php\/wp-json\/wp\/v2\/posts\/34447\/revisions"}],"predecessor-version":[{"id":34449,"href":"https:\/\/portalmovil.com.ar\/index.php\/wp-json\/wp\/v2\/posts\/34447\/revisions\/34449"}],"wp:featuredmedia":[{"embeddable":true,"href":"https:\/\/portalmovil.com.ar\/index.php\/wp-json\/wp\/v2\/media\/34448"}],"wp:attachment":[{"href":"https:\/\/portalmovil.com.ar\/index.php\/wp-json\/wp\/v2\/media?parent=34447"}],"wp:term":[{"taxonomy":"category","embeddable":true,"href":"https:\/\/portalmovil.com.ar\/index.php\/wp-json\/wp\/v2\/categories?post=34447"},{"taxonomy":"post_tag","embeddable":true,"href":"https:\/\/portalmovil.com.ar\/index.php\/wp-json\/wp\/v2\/tags?post=34447"}],"curies":[{"name":"wp","href":"https:\/\/api.w.org\/{rel}","templated":true}]}}