{"id":34394,"date":"2021-07-23T20:42:42","date_gmt":"2021-07-23T23:42:42","guid":{"rendered":"https:\/\/portalmovil.com.ar\/?p=34394"},"modified":"2021-07-23T20:46:15","modified_gmt":"2021-07-23T23:46:15","slug":"participacion-chaquena-en-el-encuentro-del-comite-nacional-de-seguridad-vial","status":"publish","type":"post","link":"https:\/\/portalmovil.com.ar\/index.php\/2021\/07\/23\/participacion-chaquena-en-el-encuentro-del-comite-nacional-de-seguridad-vial\/","title":{"rendered":"Participaci\u00f3n chaque\u00f1a en el encuentro del Comit\u00e9 Nacional de Seguridad Vial"},"content":{"rendered":"\n<p>Desde la entidad que nuclea a los trabajadores de motomandados, destacaron la invitaci\u00f3n para poder colaborar con medidas tendientes a disminuir los siniestros viales<\/p>\n\n\n\n<p>A trav\u00e9s de la figura del referente de los trabajadores motociclistas Fabio Zerpa, la provincia del Chaco tiene voz y voto en el Comit\u00e9 Nacional de la ANSV, donde distintas organizaciones, de reconocida trayectoria e idoneidad del mundo de la empresa, la academia, la ciencia, el trabajo y otros \u00e1mbitos comprometidos con la seguridad vial, realizan aportes a la Agencia.<\/p>\n\n\n\n<p>El Comit\u00e9 Consultivo, es un \u00e1mbito participativo de entidades de la sociedad civil que tiene como objeto asesorar y colaborar con la Agencia Nacional de Seguridad Vial (ANSV) en todo lo concerniente a la tem\u00e1tica de la Seguridad Vial. En este espacio, los integrantes elaboran distintos proyectos con el fin de reducir la siniestralidad vial como as\u00ed tambi\u00e9n educar y concientizar a todos los actores del tr\u00e1nsito en nuestro pa\u00eds.<\/p>\n\n\n\n<figure class=\"wp-block-image size-large\"><img loading=\"lazy\" decoding=\"async\" width=\"854\" height=\"480\" src=\"https:\/\/portalmovil.com.ar\/wp-content\/uploads\/2021\/07\/854_480_derrbvbo1tg.jpg\" alt=\"\" class=\"wp-image-34395\" srcset=\"https:\/\/portalmovil.com.ar\/wp-content\/uploads\/2021\/07\/854_480_derrbvbo1tg.jpg 854w, https:\/\/portalmovil.com.ar\/wp-content\/uploads\/2021\/07\/854_480_derrbvbo1tg-300x169.jpg 300w, https:\/\/portalmovil.com.ar\/wp-content\/uploads\/2021\/07\/854_480_derrbvbo1tg-768x432.jpg 768w\" sizes=\"auto, (max-width: 854px) 100vw, 854px\" \/><\/figure>\n\n\n\n<p><em>\u201cEs un honor representar a mi provincia en esta mesa, con una profunda autocritica, voy a colaborar en todas las&nbsp;<\/em><em>pol\u00edticas propuestas y llevadas al frente por la Agencia Nacional\u201d, agrego \u201cVamos a trabajar articuladamente y&nbsp;<\/em><em>en\u00e9rgicamente para que todos los chaque\u00f1os tomen conciencia de la otra pandemia que azota al Chaco y al&nbsp;<\/em><em>mundo\u201d,&nbsp;<\/em>finalizo Fabio Zerpa.<\/p>\n","protected":false},"excerpt":{"rendered":"<p>Desde la entidad que nuclea a los trabajadores de motomandados, destacaron la invitaci\u00f3n para poder colaborar con medidas tendientes a disminuir los siniestros viales<\/p>\n","protected":false},"author":2,"featured_media":34399,"comment_status":"open","ping_status":"open","sticky":false,"template":"","format":"standard","meta":{"_jetpack_memberships_contains_paid_content":false,"footnotes":"","jetpack_publicize_message":"","jetpack_publicize_feature_enabled":true,"jetpack_social_post_already_shared":true,"jetpack_social_options":{"image_generator_settings":{"template":"highway","default_image_id":0,"font":"","enabled":false},"version":2}},"categories":[3],"tags":[],"class_list":["post-34394","post","type-post","status-publish","format-standard","has-post-thumbnail","hentry","category-sociedad"],"jetpack_publicize_connections":[],"jetpack_featured_media_url":"https:\/\/portalmovil.com.ar\/wp-content\/uploads\/2021\/07\/854_480_derrbvbo1tg-1.jpg","jetpack_sharing_enabled":true,"amp_enabled":true,"_links":{"self":[{"href":"https:\/\/portalmovil.com.ar\/index.php\/wp-json\/wp\/v2\/posts\/34394","targetHints":{"allow":["GET"]}}],"collection":[{"href":"https:\/\/portalmovil.com.ar\/index.php\/wp-json\/wp\/v2\/posts"}],"about":[{"href":"https:\/\/portalmovil.com.ar\/index.php\/wp-json\/wp\/v2\/types\/post"}],"author":[{"embeddable":true,"href":"https:\/\/portalmovil.com.ar\/index.php\/wp-json\/wp\/v2\/users\/2"}],"replies":[{"embeddable":true,"href":"https:\/\/portalmovil.com.ar\/index.php\/wp-json\/wp\/v2\/comments?post=34394"}],"version-history":[{"count":1,"href":"https:\/\/portalmovil.com.ar\/index.php\/wp-json\/wp\/v2\/posts\/34394\/revisions"}],"predecessor-version":[{"id":34397,"href":"https:\/\/portalmovil.com.ar\/index.php\/wp-json\/wp\/v2\/posts\/34394\/revisions\/34397"}],"wp:featuredmedia":[{"embeddable":true,"href":"https:\/\/portalmovil.com.ar\/index.php\/wp-json\/wp\/v2\/media\/34399"}],"wp:attachment":[{"href":"https:\/\/portalmovil.com.ar\/index.php\/wp-json\/wp\/v2\/media?parent=34394"}],"wp:term":[{"taxonomy":"category","embeddable":true,"href":"https:\/\/portalmovil.com.ar\/index.php\/wp-json\/wp\/v2\/categories?post=34394"},{"taxonomy":"post_tag","embeddable":true,"href":"https:\/\/portalmovil.com.ar\/index.php\/wp-json\/wp\/v2\/tags?post=34394"}],"curies":[{"name":"wp","href":"https:\/\/api.w.org\/{rel}","templated":true}]}}