{"id":34383,"date":"2021-07-23T20:15:53","date_gmt":"2021-07-23T23:15:53","guid":{"rendered":"https:\/\/portalmovil.com.ar\/?p=34383"},"modified":"2021-07-23T20:15:56","modified_gmt":"2021-07-23T23:15:56","slug":"la-aduana-es-querellante-en-la-causa-por-contrabando-de-armamento-a-bolivia","status":"publish","type":"post","link":"https:\/\/portalmovil.com.ar\/index.php\/2021\/07\/23\/la-aduana-es-querellante-en-la-causa-por-contrabando-de-armamento-a-bolivia\/","title":{"rendered":"La Aduana es querellante en la causa por contrabando de armamento a Bolivia"},"content":{"rendered":"\n<p><strong>La Direcci\u00f3n General de Aduanas (DGA), que depende de la AFIP, se constituy\u00f3 este jueves como querellante en la causa que investiga el posible contrabando agravado en el env\u00edo de armamento y material represivo a Bolivia<\/strong>, dispuesto en el 2019 por el\u00a0<strong>Gobierno de Mauricio Macri\u00a0<\/strong>durante los d\u00edas en los que se concret\u00f3 un golpe de Estado en ese pa\u00eds contra el expresidente\u00a0<strong>Evo Morales.<\/strong><\/p>\n\n\n\n<p>La Aduana, que encabeza Silvia Traverso, entreg\u00f3 en soporte papel la documentaci\u00f3n contenida en formato virtual requerida por el magistrado Javier L\u00f3pez Bizcayart, a cargo de la investigaci\u00f3n y quien habilit\u00f3 la feria judicial para el tratamiento de este expediente.<\/p>\n\n\n\n<figure class=\"wp-block-image size-large\"><img loading=\"lazy\" decoding=\"async\" width=\"1004\" height=\"565\" src=\"https:\/\/portalmovil.com.ar\/wp-content\/uploads\/2021\/07\/5e714386c112c_1004x565.jpg\" alt=\"\" class=\"wp-image-34384\" srcset=\"https:\/\/portalmovil.com.ar\/wp-content\/uploads\/2021\/07\/5e714386c112c_1004x565.jpg 1004w, https:\/\/portalmovil.com.ar\/wp-content\/uploads\/2021\/07\/5e714386c112c_1004x565-300x169.jpg 300w, https:\/\/portalmovil.com.ar\/wp-content\/uploads\/2021\/07\/5e714386c112c_1004x565-768x432.jpg 768w\" sizes=\"auto, (max-width: 1004px) 100vw, 1004px\" \/><\/figure>\n\n\n\n<p>La presentaci\u00f3n como querellante de la Aduana en la causa se enmarca en la decisi\u00f3n del Gobierno nacional de ampliar la denuncia por contrabando agravado de material b\u00e9lico, presuntamente cometido por las m\u00e1ximas autoridades de la gesti\u00f3n de Cambiemos.<\/p>\n\n\n\n<p><strong>La idea es lograr la reconstrucci\u00f3n del camino de las municiones argentinas encontradas en un galp\u00f3n de la polic\u00eda boliviana<\/strong>, apoyada en pruebas documentales, que dar\u00edan cuenta que se alter\u00f3 el manifiesto de carga del avi\u00f3n H\u00e9rcules que llev\u00f3 a los gendarmes en 2019 para ocultar el env\u00edo del material anti tumulto.<\/p>\n\n\n\n<p>En este contexto, la DGA explic\u00f3 que sumar\u00e1 la \u00abexpertise del servicio aduanero al trabajo que realizan el juzgado y la fiscal\u00eda\u00bb, a partir de la denuncia presentada por la ministra de Seguridad, Sabina Frederic; el ministro de Justicia, Mart\u00edn Soria; y la directora de AFIP, Mercedes Marc\u00f3 del Pont.<\/p>\n\n\n\n<p>A partir de las im\u00e1genes distribuidas por el Gobierno de Bolivia con relaci\u00f3n a las municiones argentinas, los denunciantes pudieron constatar que&nbsp;<strong>el n\u00famero de lote de las municiones coincide con el de las compradas en 2018 y 2019 por la Gendarmer\u00eda Nacional a Fabricaciones Militares.<\/strong><\/p>\n\n\n\n<p>El otro elemento de la presentaci\u00f3n ser\u00e1 el manifiesto de carga del avi\u00f3n H\u00e9rcules C-130 que lleg\u00f3 a Bolivia en la madrugada del 13 de noviembre de 2019 con un grupo comando Alacr\u00e1n, de la Gendarmer\u00eda Nacional, sus pertrechos y la carga que se investiga bajo la figura del contrabando.<\/p>\n\n\n\n<p>El ministro de Justicia y Derechos Humanos,&nbsp;<strong>Mart\u00edn Soria,&nbsp;<\/strong>sostuvo que&nbsp;\u201cel contrabando es claro\u00bb ya que&nbsp; \u00abel arsenal se sac\u00f3 de manera burda y torpe y se us\u00f3 en la represi\u00f3n en Bolivia\u00bb y que \u00abd\u00edas despu\u00e9s que sali\u00f3 el armamento, hubo dos masacres. Enviaron armas y municiones para garantizar una asonada en un pa\u00eds hermano\u201d.<\/p>\n","protected":false},"excerpt":{"rendered":"<p>La Direcci\u00f3n General de Aduanas (DGA), que depende de la AFIP, se constituy\u00f3 este jueves como querellante en la causa que investiga el posible contrabando agravado en el env\u00edo de armamento y material represivo a Bolivia, dispuesto en el 2019 por el Gobierno de Mauricio Macri durante los d\u00edas en los que se concret\u00f3 un golpe de Estado en ese pa\u00eds contra el expresidente Evo Morales.<\/p>\n","protected":false},"author":2,"featured_media":34385,"comment_status":"open","ping_status":"open","sticky":false,"template":"","format":"standard","meta":{"_jetpack_memberships_contains_paid_content":false,"footnotes":"","jetpack_publicize_message":"","jetpack_publicize_feature_enabled":true,"jetpack_social_post_already_shared":true,"jetpack_social_options":{"image_generator_settings":{"template":"highway","default_image_id":0,"font":"","enabled":false},"version":2}},"categories":[17],"tags":[],"class_list":["post-34383","post","type-post","status-publish","format-standard","has-post-thumbnail","hentry","category-mundo"],"jetpack_publicize_connections":[],"jetpack_featured_media_url":"https:\/\/portalmovil.com.ar\/wp-content\/uploads\/2021\/07\/180025-aduana.jpeg","jetpack_sharing_enabled":true,"amp_enabled":true,"_links":{"self":[{"href":"https:\/\/portalmovil.com.ar\/index.php\/wp-json\/wp\/v2\/posts\/34383","targetHints":{"allow":["GET"]}}],"collection":[{"href":"https:\/\/portalmovil.com.ar\/index.php\/wp-json\/wp\/v2\/posts"}],"about":[{"href":"https:\/\/portalmovil.com.ar\/index.php\/wp-json\/wp\/v2\/types\/post"}],"author":[{"embeddable":true,"href":"https:\/\/portalmovil.com.ar\/index.php\/wp-json\/wp\/v2\/users\/2"}],"replies":[{"embeddable":true,"href":"https:\/\/portalmovil.com.ar\/index.php\/wp-json\/wp\/v2\/comments?post=34383"}],"version-history":[{"count":1,"href":"https:\/\/portalmovil.com.ar\/index.php\/wp-json\/wp\/v2\/posts\/34383\/revisions"}],"predecessor-version":[{"id":34386,"href":"https:\/\/portalmovil.com.ar\/index.php\/wp-json\/wp\/v2\/posts\/34383\/revisions\/34386"}],"wp:featuredmedia":[{"embeddable":true,"href":"https:\/\/portalmovil.com.ar\/index.php\/wp-json\/wp\/v2\/media\/34385"}],"wp:attachment":[{"href":"https:\/\/portalmovil.com.ar\/index.php\/wp-json\/wp\/v2\/media?parent=34383"}],"wp:term":[{"taxonomy":"category","embeddable":true,"href":"https:\/\/portalmovil.com.ar\/index.php\/wp-json\/wp\/v2\/categories?post=34383"},{"taxonomy":"post_tag","embeddable":true,"href":"https:\/\/portalmovil.com.ar\/index.php\/wp-json\/wp\/v2\/tags?post=34383"}],"curies":[{"name":"wp","href":"https:\/\/api.w.org\/{rel}","templated":true}]}}