{"id":34020,"date":"2021-07-21T11:35:58","date_gmt":"2021-07-21T14:35:58","guid":{"rendered":"https:\/\/portalmovil.com.ar\/?p=34020"},"modified":"2021-07-21T11:36:01","modified_gmt":"2021-07-21T14:36:01","slug":"capitanich-nosotros-creemos-que-la-politica-consiste-en-hacer-y-transformar","status":"publish","type":"post","link":"https:\/\/portalmovil.com.ar\/index.php\/2021\/07\/21\/capitanich-nosotros-creemos-que-la-politica-consiste-en-hacer-y-transformar\/","title":{"rendered":"Capitanich: \u201cNosotros creemos que la pol\u00edtica consiste en hacer y transformar\u201d"},"content":{"rendered":"\n<p>El gobernador Jorge Capitanich marc\u00f3 un par\u00e1metro entre el oficialismo y la principal fuerza de la oposici\u00f3n en el contexto de esta campa\u00f1a electoral. En declaraciones a Telam Radio, el gobernador dijo: \u201cNosotros hacemos y ellos dicen. En t\u00e9rminos de oposici\u00f3n, decir significa criticar, agraviar, injuriar y no proponer. Nosotros creemos que la pol\u00edtica consiste en hacer y transformar\u201d. En este punto dijo que los ejes del debate hoy son vacunaci\u00f3n, obras y recuperaci\u00f3n econ\u00f3mica .<\/p>\n\n\n\n<p>El gobernador, Jorge Capitanich, estableci\u00f3 hoy en declaraciones a T\u00e9lam Radio un par\u00e1metro entre el oficialismo y la principal fuerza opositora: \u201cNosotros hacemos y ellos dicen. En t\u00e9rminos de oposici\u00f3n, decir significa criticar, agraviar, injuriar y no proponer. Nosotros creemos que la pol\u00edtica consiste en hacer y transformar. Nosotros hacemos y en ese sentido, creo que gran parte de la campa\u00f1a electoral consiste en esto, una diferencia cualitativa entre hechos y no palabras\u00bb.<\/p>\n\n\n\n<p>En contexto el gobernador asegur\u00f3 que: \u201cEl disenso democr\u00e1tico es perfectamente posible en una sociedad pluralista, de manera que nadie puede estar de acuerdo en todo, siempre tiene que haber diferencias de criterios. Lo razonable para nosotros es propiciar un mecanismo donde los conflictos sean procesados de una manera razonable, pac\u00edfica y democr\u00e1tica. Entonces, me parece que hay una dicotom\u00eda entre el hacer y el decir\u201d.<\/p>\n\n\n\n<p>Capitanich se\u00f1al\u00f3 que en el contexto de esta campa\u00f1a electoral , la oposici\u00f3n pone su eje en \u201ccriticar, agraviar , injuriar y no proponer\u201d.&nbsp; \u201cNosotros creemos que la pol\u00edtica consiste en hacer y transformar\u201d, remarc\u00f3.<\/p>\n\n\n\n<p>En este sentido, en revalorizo el discurso del presidente Alberto Fern\u00e1ndez en su visita al Chaco, donde llamo a superar la grieta.<\/p>\n\n\n\n<p>Y apunto que gran parte de la campa\u00f1a electoral y los ejes del debate hoy, son vacunaci\u00f3n, obras y recuperaci\u00f3n econ\u00f3mica.<\/p>\n\n\n\n<p>\u201cAqu\u00ed se puede apreciar una diferencia cualitativa entre hechos y no palabras. La oposici\u00f3n puede decir lo que se le plazca : como dijeron primero que la vacuna era un veneno, despu\u00e9s que esas vacunas eran insuficientes, y despu\u00e9s que faltan vacunas para los j\u00f3venes de 18 a\u00f1os. Pero nunca admite, sobre el esfuerzo que el gobierno esta realizando para la provisi\u00f3n gratuita de la vacunas, para cuidar la vida de las personas\u201d, dijo Jorge Capitanich.<\/p>\n\n\n\n<p>\u201cHoy podemos sintetizar el debate&nbsp; en los ejes claves de discusi\u00f3n que son vacunaci\u00f3n, obras y recuperaci\u00f3n econ\u00f3mica\u201d, reiter\u00f3.<\/p>\n\n\n\n<p>En este punto destac\u00f3 que en el Chaco se van a cumplir y terminar con todas las obras que esta gesti\u00f3n se ha propuesto.&nbsp; En la provincia del Chaco existe un programa de gobierno que contemplan 1.200 obras, de las cuales 88 est\u00e1n estrechamente ligadas a un contundente proceso de transformaci\u00f3n, que se esta realizando con r\u00e9cord de inversi\u00f3n, que conlleva un impacto en la generaci\u00f3n de empleo privado y p\u00fablico.<\/p>\n\n\n\n<p>\u201cEs importante decir que la ciudadan\u00eda sabe qui\u00e9n es quien efectivamente la cuida y quienes son los que solo hablan sobre ese cuidado\u201d, desatac\u00f3 el gobernador.<\/p>\n","protected":false},"excerpt":{"rendered":"<p>El gobernador Jorge Capitanich marc\u00f3 un par\u00e1metro entre el oficialismo y la principal fuerza de la oposici\u00f3n en el contexto de esta campa\u00f1a electoral. En declaraciones a Telam Radio, el gobernador dijo: \u201cNosotros hacemos y ellos dicen. En t\u00e9rminos de oposici\u00f3n, decir significa criticar, agraviar, injuriar y no proponer. Nosotros creemos que la pol\u00edtica consiste &hellip;<\/p>\n","protected":false},"author":2,"featured_media":34021,"comment_status":"open","ping_status":"open","sticky":false,"template":"","format":"standard","meta":{"_jetpack_memberships_contains_paid_content":false,"footnotes":"","jetpack_publicize_message":"","jetpack_publicize_feature_enabled":true,"jetpack_social_post_already_shared":true,"jetpack_social_options":{"image_generator_settings":{"template":"highway","default_image_id":0,"font":"","enabled":false},"version":2}},"categories":[5,14],"tags":[],"class_list":["post-34020","post","type-post","status-publish","format-standard","has-post-thumbnail","hentry","category-chaco","category-politica"],"jetpack_publicize_connections":[],"jetpack_featured_media_url":"https:\/\/portalmovil.com.ar\/wp-content\/uploads\/2021\/07\/FB_IMG_1626878050247.jpg","jetpack_sharing_enabled":true,"amp_enabled":true,"_links":{"self":[{"href":"https:\/\/portalmovil.com.ar\/index.php\/wp-json\/wp\/v2\/posts\/34020","targetHints":{"allow":["GET"]}}],"collection":[{"href":"https:\/\/portalmovil.com.ar\/index.php\/wp-json\/wp\/v2\/posts"}],"about":[{"href":"https:\/\/portalmovil.com.ar\/index.php\/wp-json\/wp\/v2\/types\/post"}],"author":[{"embeddable":true,"href":"https:\/\/portalmovil.com.ar\/index.php\/wp-json\/wp\/v2\/users\/2"}],"replies":[{"embeddable":true,"href":"https:\/\/portalmovil.com.ar\/index.php\/wp-json\/wp\/v2\/comments?post=34020"}],"version-history":[{"count":1,"href":"https:\/\/portalmovil.com.ar\/index.php\/wp-json\/wp\/v2\/posts\/34020\/revisions"}],"predecessor-version":[{"id":34022,"href":"https:\/\/portalmovil.com.ar\/index.php\/wp-json\/wp\/v2\/posts\/34020\/revisions\/34022"}],"wp:featuredmedia":[{"embeddable":true,"href":"https:\/\/portalmovil.com.ar\/index.php\/wp-json\/wp\/v2\/media\/34021"}],"wp:attachment":[{"href":"https:\/\/portalmovil.com.ar\/index.php\/wp-json\/wp\/v2\/media?parent=34020"}],"wp:term":[{"taxonomy":"category","embeddable":true,"href":"https:\/\/portalmovil.com.ar\/index.php\/wp-json\/wp\/v2\/categories?post=34020"},{"taxonomy":"post_tag","embeddable":true,"href":"https:\/\/portalmovil.com.ar\/index.php\/wp-json\/wp\/v2\/tags?post=34020"}],"curies":[{"name":"wp","href":"https:\/\/api.w.org\/{rel}","templated":true}]}}