{"id":33818,"date":"2021-07-20T09:15:17","date_gmt":"2021-07-20T12:15:17","guid":{"rendered":"https:\/\/portalmovil.com.ar\/?p=33818"},"modified":"2021-07-20T09:15:20","modified_gmt":"2021-07-20T12:15:20","slug":"villa-angela-cayo-una-banda-de-adolescentes-acusados-de-robar-motos-en-el-hospital","status":"publish","type":"post","link":"https:\/\/portalmovil.com.ar\/index.php\/2021\/07\/20\/villa-angela-cayo-una-banda-de-adolescentes-acusados-de-robar-motos-en-el-hospital\/","title":{"rendered":"Villa \u00c1ngela: Cay\u00f3 una banda de adolescentes acusados de robar motos en el hospital"},"content":{"rendered":"\n<p>Varias denuncias acumuladas por robo de motoveh\u00edculos en el hospital Salvador Mazza de la localidad de Villa \u00c1ngela desencadenaron ayer por la ma\u00f1ana un operativo policial para dar con los presuntos autores, quienes fueron identificados a trav\u00e9s de las c\u00e1maras de seguridad del lugar. Secuestraron tres motos y partes de otras.<\/p>\n\n\n\n<p>El desenlace, seg\u00fan relataron desde la Polic\u00eda, tuvo su primera escena en una vivienda cerca de la avenida Florencio Varela y la ex ruta 95, donde residir\u00eda el primo de uno de los sospechosos. All\u00ed, los agentes indicaron que se abocaron a \u201ctareas de vigilancia\u201d, cuando descubrieron que los supuestos autores sal\u00edan del lugar a bordo de una moto Zanella 110cc y los detuvieron a los pocos metros.<\/p>\n\n\n\n<p>Seg\u00fan precisaron, se trataba de dos adolescentes de 19 y 16 a\u00f1os \u201cde similares caracter\u00edsticas a las del video\u201d, quienes, seg\u00fan comprobaron, circulaban a bordo de una moto que ten\u00eda pedido de secuestro por \u201csupuesto hurto\u201d.<\/p>\n\n\n\n<p>Posteriormente, los oficiales indicaron que se dirigieron a la vivienda el menor, en Colonia Pastoril, donde tras entrevistarse con la madre \u00e9sta entreg\u00f3 en forma voluntaria una moto Corven \u201cEnergy\u201d 110cc, una Honda \u201cWave\u201d y partes de otras motos, todo lo cual habr\u00eda sido denunciado como robado desde el hospital.<\/p>\n\n\n\n<p>Por los hechos habr\u00eda tomado intervenci\u00f3n la Fiscal\u00eda Penal N\u00b0 3, quienes dispusieron la detenci\u00f3n del hombre de 19 a\u00f1os y la restituci\u00f3n a sus padres del menor, mientras que los veh\u00edculos recuperados habr\u00edan sido devueltos a sus due\u00f1os.<\/p>\n","protected":false},"excerpt":{"rendered":"<p>Varias denuncias acumuladas por robo de motoveh\u00edculos en el hospital Salvador Mazza de la localidad de Villa \u00c1ngela desencadenaron ayer por la ma\u00f1ana un operativo policial para dar con los presuntos autores, quienes fueron identificados a trav\u00e9s de las c\u00e1maras de seguridad del lugar. Secuestraron tres motos y partes de otras. El desenlace, seg\u00fan relataron &hellip;<\/p>\n","protected":false},"author":2,"featured_media":33819,"comment_status":"open","ping_status":"open","sticky":false,"template":"","format":"standard","meta":{"_jetpack_memberships_contains_paid_content":false,"footnotes":"","jetpack_publicize_message":"","jetpack_publicize_feature_enabled":true,"jetpack_social_post_already_shared":true,"jetpack_social_options":{"image_generator_settings":{"template":"highway","default_image_id":0,"font":"","enabled":false},"version":2}},"categories":[42,8],"tags":[],"class_list":["post-33818","post","type-post","status-publish","format-standard","has-post-thumbnail","hentry","category-interior","category-policiales"],"jetpack_publicize_connections":[],"jetpack_featured_media_url":"https:\/\/portalmovil.com.ar\/wp-content\/uploads\/2021\/07\/5b1e55dbb0aaca743fa69a3f7178aacdffef1c9c.jpg","jetpack_sharing_enabled":true,"amp_enabled":true,"_links":{"self":[{"href":"https:\/\/portalmovil.com.ar\/index.php\/wp-json\/wp\/v2\/posts\/33818","targetHints":{"allow":["GET"]}}],"collection":[{"href":"https:\/\/portalmovil.com.ar\/index.php\/wp-json\/wp\/v2\/posts"}],"about":[{"href":"https:\/\/portalmovil.com.ar\/index.php\/wp-json\/wp\/v2\/types\/post"}],"author":[{"embeddable":true,"href":"https:\/\/portalmovil.com.ar\/index.php\/wp-json\/wp\/v2\/users\/2"}],"replies":[{"embeddable":true,"href":"https:\/\/portalmovil.com.ar\/index.php\/wp-json\/wp\/v2\/comments?post=33818"}],"version-history":[{"count":1,"href":"https:\/\/portalmovil.com.ar\/index.php\/wp-json\/wp\/v2\/posts\/33818\/revisions"}],"predecessor-version":[{"id":33820,"href":"https:\/\/portalmovil.com.ar\/index.php\/wp-json\/wp\/v2\/posts\/33818\/revisions\/33820"}],"wp:featuredmedia":[{"embeddable":true,"href":"https:\/\/portalmovil.com.ar\/index.php\/wp-json\/wp\/v2\/media\/33819"}],"wp:attachment":[{"href":"https:\/\/portalmovil.com.ar\/index.php\/wp-json\/wp\/v2\/media?parent=33818"}],"wp:term":[{"taxonomy":"category","embeddable":true,"href":"https:\/\/portalmovil.com.ar\/index.php\/wp-json\/wp\/v2\/categories?post=33818"},{"taxonomy":"post_tag","embeddable":true,"href":"https:\/\/portalmovil.com.ar\/index.php\/wp-json\/wp\/v2\/tags?post=33818"}],"curies":[{"name":"wp","href":"https:\/\/api.w.org\/{rel}","templated":true}]}}