{"id":33806,"date":"2021-07-19T21:12:37","date_gmt":"2021-07-20T00:12:37","guid":{"rendered":"https:\/\/portalmovil.com.ar\/?p=33806"},"modified":"2021-07-19T21:12:40","modified_gmt":"2021-07-20T00:12:40","slug":"detuvieron-a-folclorista-acusado-por-golpear-y-pisarle-la-cabeza-a-su-pareja","status":"publish","type":"post","link":"https:\/\/portalmovil.com.ar\/index.php\/2021\/07\/19\/detuvieron-a-folclorista-acusado-por-golpear-y-pisarle-la-cabeza-a-su-pareja\/","title":{"rendered":"Detuvieron a folclorista acusado por golpear y pisarle la cabeza a su pareja"},"content":{"rendered":"\n<p>Seg\u00fan denunci\u00f3 la mujer, su novio lleg\u00f3 alcoholizado y de la nada comenz\u00f3 a insultarla y agredirla a golpes de pu\u00f1o. Ocurri\u00f3 en Santiago del Estero<\/p>\n\n\n\n<p>Un nuevo caso de\u00a0violencia de g\u00e9nero\u00a0se registr\u00f3 en\u00a0Santiago del Estero, con un reconocido folclorista como protagonista, quien fue detenido por golpear a su pareja.<\/p>\n\n\n\n<p>Seg\u00fan informaron fuentes judiciales y policiales, se trata de\u00a0<strong>Claudio Acosta<\/strong>, quien fue\u00a0imputado de \u00ablesiones leves calificadas\u00bb\u00a0contra su novia.<\/p>\n\n\n\n<figure class=\"wp-block-image size-large is-resized\"><img loading=\"lazy\" decoding=\"async\" src=\"https:\/\/portalmovil.com.ar\/wp-content\/uploads\/2021\/07\/foto-gentileza-el-litoral.jpg\" alt=\"\" class=\"wp-image-33807\" width=\"864\" height=\"572\" srcset=\"https:\/\/portalmovil.com.ar\/wp-content\/uploads\/2021\/07\/foto-gentileza-el-litoral.jpg 693w, https:\/\/portalmovil.com.ar\/wp-content\/uploads\/2021\/07\/foto-gentileza-el-litoral-300x199.jpg 300w\" sizes=\"auto, (max-width: 864px) 100vw, 864px\" \/><\/figure>\n\n\n\n<p>La mujer denunci\u00f3 que A<strong>costa que le propin\u00f3 \u00abgolpes de pu\u00f1o en todo el cuerpo, la golpe\u00f3 contra los muebles\u00bb y adem\u00e1s la tir\u00f3 al suelo en donde le pis\u00f3 la cabeza<\/strong>, detall\u00f3 a&nbsp;<em>T\u00e9lam&nbsp;<\/em>la fiscal de la causa, Norma Matach.<\/p>\n\n\n\n<p>El hecho sucedi\u00f3 el s\u00e1bado a las 6 de la ma\u00f1ana y la v\u00edctima radic\u00f3 la denuncia en la Comisar\u00eda 5\u00b0 de la Mujer y la Familia.&nbsp;La mujer relat\u00f3 que el folclorista lleg\u00f3 alcoholizado en la madrugada del s\u00e1bado y sin motivo alguno comenz\u00f3 a insultarla y agredirla a golpes de pu\u00f1o.<\/p>\n\n\n\n<p>La fiscal Matach indic\u00f3 que una vez que se tom\u00f3 conocimiento del episodio se libr\u00f3 la orden de detenci\u00f3n del agresor, quien en el transcurso de la jornada de hoy ser\u00e1 indagado.&nbsp;<strong>En su denuncia, la pareja de Acosta detall\u00f3 que hac\u00eda un a\u00f1o que estaba de novia con el m\u00fasico, con quien conviv\u00eda desde hace dos meses<\/strong>, seg\u00fan indicaron las fuentes judiciales.<\/p>\n\n\n\n<p>Por su parte, desde la Asociaci\u00f3n M\u00fasica de Mujeres de Santiago del Estero repudiaron en un comunicado \u00abel accionar violento del folclorista Claudio Acosta en perjuicio de su pareja\u00bb, y a\u00f1adieron: \u00abNos solidarizamos con ella y con todas las mujeres v\u00edctimas de violencia\u00bb.<\/p>\n\n\n\n<p><\/p>\n","protected":false},"excerpt":{"rendered":"<p>Seg\u00fan denunci\u00f3 la mujer, su novio lleg\u00f3 alcoholizado y de la nada comenz\u00f3 a insultarla y agredirla a golpes de pu\u00f1o. Ocurri\u00f3 en Santiago del Estero<\/p>\n","protected":false},"author":2,"featured_media":33808,"comment_status":"open","ping_status":"open","sticky":false,"template":"","format":"standard","meta":{"_jetpack_memberships_contains_paid_content":false,"footnotes":"","jetpack_publicize_message":"","jetpack_publicize_feature_enabled":true,"jetpack_social_post_already_shared":true,"jetpack_social_options":{"image_generator_settings":{"template":"highway","default_image_id":0,"font":"","enabled":false},"version":2}},"categories":[8],"tags":[],"class_list":["post-33806","post","type-post","status-publish","format-standard","has-post-thumbnail","hentry","category-policiales"],"jetpack_publicize_connections":[],"jetpack_featured_media_url":"https:\/\/portalmovil.com.ar\/wp-content\/uploads\/2021\/07\/foto-gentileza-el-litoral-1.jpg","jetpack_sharing_enabled":true,"amp_enabled":true,"_links":{"self":[{"href":"https:\/\/portalmovil.com.ar\/index.php\/wp-json\/wp\/v2\/posts\/33806","targetHints":{"allow":["GET"]}}],"collection":[{"href":"https:\/\/portalmovil.com.ar\/index.php\/wp-json\/wp\/v2\/posts"}],"about":[{"href":"https:\/\/portalmovil.com.ar\/index.php\/wp-json\/wp\/v2\/types\/post"}],"author":[{"embeddable":true,"href":"https:\/\/portalmovil.com.ar\/index.php\/wp-json\/wp\/v2\/users\/2"}],"replies":[{"embeddable":true,"href":"https:\/\/portalmovil.com.ar\/index.php\/wp-json\/wp\/v2\/comments?post=33806"}],"version-history":[{"count":1,"href":"https:\/\/portalmovil.com.ar\/index.php\/wp-json\/wp\/v2\/posts\/33806\/revisions"}],"predecessor-version":[{"id":33809,"href":"https:\/\/portalmovil.com.ar\/index.php\/wp-json\/wp\/v2\/posts\/33806\/revisions\/33809"}],"wp:featuredmedia":[{"embeddable":true,"href":"https:\/\/portalmovil.com.ar\/index.php\/wp-json\/wp\/v2\/media\/33808"}],"wp:attachment":[{"href":"https:\/\/portalmovil.com.ar\/index.php\/wp-json\/wp\/v2\/media?parent=33806"}],"wp:term":[{"taxonomy":"category","embeddable":true,"href":"https:\/\/portalmovil.com.ar\/index.php\/wp-json\/wp\/v2\/categories?post=33806"},{"taxonomy":"post_tag","embeddable":true,"href":"https:\/\/portalmovil.com.ar\/index.php\/wp-json\/wp\/v2\/tags?post=33806"}],"curies":[{"name":"wp","href":"https:\/\/api.w.org\/{rel}","templated":true}]}}