{"id":33776,"date":"2021-07-19T20:32:13","date_gmt":"2021-07-19T23:32:13","guid":{"rendered":"https:\/\/portalmovil.com.ar\/?p=33776"},"modified":"2021-07-19T20:32:16","modified_gmt":"2021-07-19T23:32:16","slug":"las-garcitas-operativo-de-vacunacion-intensiva-contra-covid-19","status":"publish","type":"post","link":"https:\/\/portalmovil.com.ar\/index.php\/2021\/07\/19\/las-garcitas-operativo-de-vacunacion-intensiva-contra-covid-19\/","title":{"rendered":"LAS GARCITAS: OPERATIVO DE VACUNACI\u00d3N INTENSIVA CONTRA COVID-19"},"content":{"rendered":"\n<p>A la fecha, la localidad cuenta con m\u00e1s del 80% de la poblaci\u00f3n vacunada con al menos una dosis. Este lunes se aplicaron m\u00e1s de 300 vacunas, entre primeras dosis de AstraZeneca y segundas dosis de Sinopharm. La ministra de Salud P\u00fablica Paola Ben\u00edtez, tambi\u00e9n recorri\u00f3 el hospital Dr. Jos\u00e9 Arce. \u00a0<\/p>\n\n\n\n<p>El Ministerio de Salud P\u00fablica del Chaco, a trav\u00e9s del Departamento de Inmunizaciones y del Programa Ampliado de Inmunizaciones, realiz\u00f3 un operativo de vacunaci\u00f3n intensiva contra COVID-19 en la localidad de Las Garcitas, ubicada en la Regi\u00f3n Sanitaria 2.<\/p>\n\n\n\n<figure class=\"wp-block-image size-large\"><img loading=\"lazy\" decoding=\"async\" width=\"1024\" height=\"512\" src=\"https:\/\/portalmovil.com.ar\/wp-content\/uploads\/2021\/07\/gtm-vacunacion-covid-19-mujer-1500x907-1-1024x512.jpg\" alt=\"\" class=\"wp-image-33777\" srcset=\"https:\/\/portalmovil.com.ar\/wp-content\/uploads\/2021\/07\/gtm-vacunacion-covid-19-mujer-1500x907-1-1024x512.jpg 1024w, https:\/\/portalmovil.com.ar\/wp-content\/uploads\/2021\/07\/gtm-vacunacion-covid-19-mujer-1500x907-1-300x150.jpg 300w, https:\/\/portalmovil.com.ar\/wp-content\/uploads\/2021\/07\/gtm-vacunacion-covid-19-mujer-1500x907-1-768x384.jpg 768w, https:\/\/portalmovil.com.ar\/wp-content\/uploads\/2021\/07\/gtm-vacunacion-covid-19-mujer-1500x907-1.jpg 1420w\" sizes=\"auto, (max-width: 1024px) 100vw, 1024px\" \/><\/figure>\n\n\n\n<p>Un total de 317 vacunas se aplicaron entre primeras dosis de AstraZeneca y segundas dosis de Sinopharm (para quienes hayan cumplido el per\u00edodo interdosis de 21 d\u00edas), destinadas a personas mayores de 18 a\u00f1os. La jornada intensiva de vacunaci\u00f3n se realiz\u00f3 en las instalaciones del Sal\u00f3n de Usos M\u00faltiples municipal de la localidad.<\/p>\n\n\n\n<p>La ministra de Salud P\u00fablica Paola Ben\u00edtez y el jefe del Departamento de Inmunizaciones Daniel Ant\u00fanes acompa\u00f1aron el operativo de vacunaci\u00f3n territorial, adem\u00e1s recorrieron el hospital \u00abDr. Jos\u00e9 Arce\u00bb junto a las autoridades y personal de salud local.<\/p>\n\n\n\n<p>\u201cCada una de estas jornadas de vacunaci\u00f3n renueva el compromiso con la salud de todos los chaque\u00f1os y las chaque\u00f1as\u201d, recalc\u00f3 la ministra Ben\u00edtez, quien expres\u00f3 a los habitantes de Las Garcitas: \u201cestoy agradecida por la voluntad de cada uno de ustedes, por estar aqu\u00ed presentes cumpliendo con la vacunaci\u00f3n, y ayudando a mitigar el da\u00f1o causado por este virus\u201d.&nbsp;<\/p>\n\n\n\n<p>La titular de la cartera sanitaria tambi\u00e9n hizo extensivo su agradecimiento y felicitaciones, \u201ca las autoridades de esta localidad y al equipo completo de salud de su hospital, por su compromiso con la campa\u00f1a de vacunaci\u00f3n\u201d.<\/p>\n\n\n\n<p>Norma Sabadini es la enfermera a cargo de la vacunaci\u00f3n en Las Garcitas. La referente del equipo de vacunaci\u00f3n local remarc\u00f3 como positiva la \u201calta adherencia de la comunidad a la vacunaci\u00f3n, con m\u00e1s de un 80% de la poblaci\u00f3n ya vacunada\u201d.<\/p>\n\n\n\n<p>Tambi\u00e9n manifest\u00f3 que, paralelamente a las jornadas de este tipo, se ejecutan otro tipo de estrategias en terreno como la vacunaci\u00f3n domiciliaria en zonas aleda\u00f1as a la localidad. En tal sentido expres\u00f3 que \u201cvacunamos a la poblaci\u00f3n de ac\u00e1 y tambi\u00e9n realizamos recorridos en los parajes aleda\u00f1os como Colonia Tres Palmas, Fort\u00edn Paso del Oso, Lote 19 y Lote 21\u201d.<\/p>\n\n\n\n<p>Este martes ingresar\u00e1n 41.600 dosis de Sinopharm a la provincia<\/p>\n\n\n\n<p>En el marco de la Campa\u00f1a de Vacunaci\u00f3n Provincial contra el COVID-19, iniciada el pasado 29 de diciembre, ya se aplicaron un total de 726.385 dosis de las diferentes vacunas (Sputnik V, Covishield\/AstraZeneca y Sinopharm).<\/p>\n\n\n\n<p>Para seguir con el avance de la campa\u00f1a, en la jornada de este martes 20 de julio ingresar\u00e1n a la provincia 41.600 dosis de la vacuna Sinopharm. El cargamento proveniente del Ministerio de Salud de la Naci\u00f3n ingresar\u00e1 a las 8 a la Base de Apoyo Log\u00edstico Resistencia del Ej\u00e9rcito Argentino. Las dosis permitir\u00e1n completar esquemas de inmunizaci\u00f3n de aquellas personas que hayan cumplido el per\u00edodo interdosis de 21 d\u00edas, estipulado para la vacuna Sinopharm.<\/p>\n","protected":false},"excerpt":{"rendered":"<p>A la fecha, la localidad cuenta con m\u00e1s del 80% de la poblaci\u00f3n vacunada con al menos una dosis. Este lunes se aplicaron m\u00e1s de 300 vacunas, entre primeras dosis de AstraZeneca y segundas dosis de Sinopharm. La ministra de Salud P\u00fablica Paola Ben\u00edtez, tambi\u00e9n recorri\u00f3 el hospital Dr. Jos\u00e9 Arce.  <\/p>\n","protected":false},"author":2,"featured_media":33778,"comment_status":"open","ping_status":"open","sticky":false,"template":"","format":"standard","meta":{"_jetpack_memberships_contains_paid_content":false,"footnotes":"","jetpack_publicize_message":"","jetpack_publicize_feature_enabled":true,"jetpack_social_post_already_shared":true,"jetpack_social_options":{"image_generator_settings":{"template":"highway","default_image_id":0,"font":"","enabled":false},"version":2}},"categories":[46],"tags":[],"class_list":["post-33776","post","type-post","status-publish","format-standard","has-post-thumbnail","hentry","category-salud"],"jetpack_publicize_connections":[],"jetpack_featured_media_url":"https:\/\/portalmovil.com.ar\/wp-content\/uploads\/2021\/07\/gtm-vacunacion-covid-19-mujer-1500x907-2.jpg","jetpack_sharing_enabled":true,"amp_enabled":true,"_links":{"self":[{"href":"https:\/\/portalmovil.com.ar\/index.php\/wp-json\/wp\/v2\/posts\/33776","targetHints":{"allow":["GET"]}}],"collection":[{"href":"https:\/\/portalmovil.com.ar\/index.php\/wp-json\/wp\/v2\/posts"}],"about":[{"href":"https:\/\/portalmovil.com.ar\/index.php\/wp-json\/wp\/v2\/types\/post"}],"author":[{"embeddable":true,"href":"https:\/\/portalmovil.com.ar\/index.php\/wp-json\/wp\/v2\/users\/2"}],"replies":[{"embeddable":true,"href":"https:\/\/portalmovil.com.ar\/index.php\/wp-json\/wp\/v2\/comments?post=33776"}],"version-history":[{"count":1,"href":"https:\/\/portalmovil.com.ar\/index.php\/wp-json\/wp\/v2\/posts\/33776\/revisions"}],"predecessor-version":[{"id":33779,"href":"https:\/\/portalmovil.com.ar\/index.php\/wp-json\/wp\/v2\/posts\/33776\/revisions\/33779"}],"wp:featuredmedia":[{"embeddable":true,"href":"https:\/\/portalmovil.com.ar\/index.php\/wp-json\/wp\/v2\/media\/33778"}],"wp:attachment":[{"href":"https:\/\/portalmovil.com.ar\/index.php\/wp-json\/wp\/v2\/media?parent=33776"}],"wp:term":[{"taxonomy":"category","embeddable":true,"href":"https:\/\/portalmovil.com.ar\/index.php\/wp-json\/wp\/v2\/categories?post=33776"},{"taxonomy":"post_tag","embeddable":true,"href":"https:\/\/portalmovil.com.ar\/index.php\/wp-json\/wp\/v2\/tags?post=33776"}],"curies":[{"name":"wp","href":"https:\/\/api.w.org\/{rel}","templated":true}]}}