{"id":33713,"date":"2021-07-19T13:04:39","date_gmt":"2021-07-19T16:04:39","guid":{"rendered":"https:\/\/portalmovil.com.ar\/?p=33713"},"modified":"2021-07-19T14:44:51","modified_gmt":"2021-07-19T17:44:51","slug":"alberto-fernandez-inaugurara-el-ultimo-tramo-de-la-ruta-7-este-martes","status":"publish","type":"post","link":"https:\/\/portalmovil.com.ar\/index.php\/2021\/07\/19\/alberto-fernandez-inaugurara-el-ultimo-tramo-de-la-ruta-7-este-martes\/","title":{"rendered":"Alberto Fern\u00e1ndez inaugurar\u00e1 el \u00faltimo tramo de la ruta 7, este martes 20"},"content":{"rendered":"\n<p>Tal como lo anticipara Agencia FOCO, ma\u00f1ana martes 20 de julio, el presidente de la Naci\u00f3n, Alberto Fern\u00e1ndez y el gobernador Jorge Capitanich, inaugurar\u00e1n el \u00faltimo tramo de la ruta provincial 7 que une Presidencia de la Plaza con Colonias Unidas. Se trata de una obra que tiene una extensi\u00f3n de un poco m\u00e1s de 39 kil\u00f3metros.<\/p>\n\n\n\n<p>La inversi\u00f3n total, que supera los mil millones de pesos, fue financiada a trav\u00e9s de un convenio con la Direcci\u00f3n Nacional de Vialidad (DNV). Es una ruta muy importante porque permitir\u00e1 comunicar la ruta nacional 11 con la ruta provincial 9 que va hacia el norte de la Provincia, y con la ruta provincial 90 que conecta con la vecina provincia de Formosa y Paraguay. Al mejorar la conectividad los productores, comerciantes y vecinos de la zona podr\u00e1n transitar de una manera m\u00e1s r\u00e1pida y segura hacia los grandes centros de consumo, contribuyendo al progreso y desarrollo de toda nuestra Provincia.<\/p>\n\n\n\n<p>Este proyecto, que estuvo suspendido durante alg\u00fan tiempo, se retom\u00f3 con el actual Gobierno Nacional a trav\u00e9s del administrador general de Vialidad Nacional, Gustavo Arrieta, gracias a la gesti\u00f3n constante del gobernador Capitanich. Actualmente, el gobierno provincial ejecuta obras de pavimentaci\u00f3n en 250 kil\u00f3metros de rutas chaque\u00f1as con el objetivo concreto de mejorar la transitabilidad vial y aportar a la calidad de vida de las y los chaque\u00f1os.<\/p>\n\n\n\n<p><\/p>\n","protected":false},"excerpt":{"rendered":"<p>Tal como lo anticipara Agencia FOCO, ma\u00f1ana martes 20 de julio, el presidente de la Naci\u00f3n, Alberto Fern\u00e1ndez y el gobernador Jorge Capitanich, inaugurar\u00e1n el \u00faltimo tramo de la ruta provincial 7 que une Presidencia de la Plaza con Colonias Unidas. Se trata de una obra que tiene una extensi\u00f3n de un poco m\u00e1s de &hellip;<\/p>\n","protected":false},"author":2,"featured_media":33734,"comment_status":"open","ping_status":"open","sticky":false,"template":"","format":"standard","meta":{"_jetpack_memberships_contains_paid_content":false,"footnotes":"","jetpack_publicize_message":"","jetpack_publicize_feature_enabled":true,"jetpack_social_post_already_shared":true,"jetpack_social_options":{"image_generator_settings":{"template":"highway","default_image_id":0,"font":"","enabled":false},"version":2}},"categories":[5,14],"tags":[],"class_list":["post-33713","post","type-post","status-publish","format-standard","has-post-thumbnail","hentry","category-chaco","category-politica"],"jetpack_publicize_connections":[],"jetpack_featured_media_url":"https:\/\/portalmovil.com.ar\/wp-content\/uploads\/2021\/07\/WhatsApp-Image-2021-07-19-at-14..jpg","jetpack_sharing_enabled":true,"amp_enabled":true,"_links":{"self":[{"href":"https:\/\/portalmovil.com.ar\/index.php\/wp-json\/wp\/v2\/posts\/33713","targetHints":{"allow":["GET"]}}],"collection":[{"href":"https:\/\/portalmovil.com.ar\/index.php\/wp-json\/wp\/v2\/posts"}],"about":[{"href":"https:\/\/portalmovil.com.ar\/index.php\/wp-json\/wp\/v2\/types\/post"}],"author":[{"embeddable":true,"href":"https:\/\/portalmovil.com.ar\/index.php\/wp-json\/wp\/v2\/users\/2"}],"replies":[{"embeddable":true,"href":"https:\/\/portalmovil.com.ar\/index.php\/wp-json\/wp\/v2\/comments?post=33713"}],"version-history":[{"count":2,"href":"https:\/\/portalmovil.com.ar\/index.php\/wp-json\/wp\/v2\/posts\/33713\/revisions"}],"predecessor-version":[{"id":33737,"href":"https:\/\/portalmovil.com.ar\/index.php\/wp-json\/wp\/v2\/posts\/33713\/revisions\/33737"}],"wp:featuredmedia":[{"embeddable":true,"href":"https:\/\/portalmovil.com.ar\/index.php\/wp-json\/wp\/v2\/media\/33734"}],"wp:attachment":[{"href":"https:\/\/portalmovil.com.ar\/index.php\/wp-json\/wp\/v2\/media?parent=33713"}],"wp:term":[{"taxonomy":"category","embeddable":true,"href":"https:\/\/portalmovil.com.ar\/index.php\/wp-json\/wp\/v2\/categories?post=33713"},{"taxonomy":"post_tag","embeddable":true,"href":"https:\/\/portalmovil.com.ar\/index.php\/wp-json\/wp\/v2\/tags?post=33713"}],"curies":[{"name":"wp","href":"https:\/\/api.w.org\/{rel}","templated":true}]}}