{"id":33679,"date":"2021-07-19T09:29:59","date_gmt":"2021-07-19T12:29:59","guid":{"rendered":"https:\/\/portalmovil.com.ar\/?p=33679"},"modified":"2021-07-19T09:30:03","modified_gmt":"2021-07-19T12:30:03","slug":"kreplak-estamos-trabajando-junto-al-gobierno-nacional-para-restablecer-un-plan-similar-al-qunita","status":"publish","type":"post","link":"https:\/\/portalmovil.com.ar\/index.php\/2021\/07\/19\/kreplak-estamos-trabajando-junto-al-gobierno-nacional-para-restablecer-un-plan-similar-al-qunita\/","title":{"rendered":"Kreplak: \u00abEstamos trabajando junto al Gobierno nacional para restablecer un plan similar al Qunita\u00bb"},"content":{"rendered":"\n<p>\u00abDifamaron la memoria de Tiago Ares, que fue un joven maravilloso\u00bb, dijo sobre el dise\u00f1ador del kit que muri\u00f3 a los 25 a\u00f1os.<\/p>\n\n\n\n<p>El viceministro de Salud de la provincia de Buenos Aires, Nicol\u00e1s Kreplak, adelant\u00f3 que junto al Gobierno nacional trabajan para reimplementar un plan similar al Qunita con el que se asist\u00eda a los reci\u00e9n nacidos de bajos recursos con una cuna y un ajuar. El gobierno de Mauricio Macri lo dio de baja tras una serie de denuncias. La Justicia determin\u00f3 que no hubo delito alguno y que los kits eran seguros para los beb\u00e9s.<\/p>\n\n\n\n<p>\u00abEl programa Quinita fue muy importante que hac\u00eda que mejoren much\u00edsimo las maternidades. Se triplic\u00f3 la reducci\u00f3n de la mortalidad infantil. Fue s\u00f3lo una persecuci\u00f3n pol\u00edtica. Difamaron la memoria de Tiago Ares, que fue un joven maravilloso, que es quien hab\u00eda hecho un dise\u00f1o brillante para el plan\u00bb, dijo en relaci\u00f3n al creador de la iniciativa que falleci\u00f3 a los 25 a\u00f1os.<\/p>\n\n\n\n<p>Sobre la vuelta del Qunita, o similar, Kreplak admiti\u00f3 que \u00ablo venimos hablando\u00bb con Axel Kicillof y Daniel Goll\u00e1n. \u00abHabitualmente todav\u00eda en el subte o en alg\u00fan medio veo a alguna madre con el bolsito\u00bb, detall\u00f3.<\/p>\n\n\n\n<p>Plan de vacunaci\u00f3n y reducci\u00f3n de casos<\/p>\n\n\n\n<p>\u00abLos casos siguen siendo muchos pero vienen reduci\u00e9ndose. La campa\u00f1a de vacunaci\u00f3n avanza. Pusimos postas de vacunaci\u00f3n en muchas estaciones de trenes y el fin de semana estuvimos recorriendo postas en barrios. Tenemos m\u00e1s de 8.5 millones de bonaerenses vacunados, 2 millones de ellos con el esquema completo. Necesitamos que se vacune toda la sociedad para que la enfermedad circule menos\u00bb, sentenci\u00f3 sobre el coronavirus en Provincia de Buenos Aires.<\/p>\n","protected":false},"excerpt":{"rendered":"<p>\u00abDifamaron la memoria de Tiago Ares, que fue un joven maravilloso\u00bb, dijo sobre el dise\u00f1ador del kit que muri\u00f3 a los 25 a\u00f1os. El viceministro de Salud de la provincia de Buenos Aires, Nicol\u00e1s Kreplak, adelant\u00f3 que junto al Gobierno nacional trabajan para reimplementar un plan similar al Qunita con el que se asist\u00eda a &hellip;<\/p>\n","protected":false},"author":2,"featured_media":33465,"comment_status":"open","ping_status":"open","sticky":false,"template":"","format":"standard","meta":{"_jetpack_memberships_contains_paid_content":false,"footnotes":"","jetpack_publicize_message":"","jetpack_publicize_feature_enabled":true,"jetpack_social_post_already_shared":true,"jetpack_social_options":{"image_generator_settings":{"template":"highway","default_image_id":0,"font":"","enabled":false},"version":2}},"categories":[28,639],"tags":[],"class_list":["post-33679","post","type-post","status-publish","format-standard","has-post-thumbnail","hentry","category-actualidad","category-argentina"],"jetpack_publicize_connections":[],"jetpack_featured_media_url":"https:\/\/portalmovil.com.ar\/wp-content\/uploads\/2021\/07\/68976_web-plan-qunita-mayiano-maytino-7-_BIG.jpg","jetpack_sharing_enabled":true,"amp_enabled":true,"_links":{"self":[{"href":"https:\/\/portalmovil.com.ar\/index.php\/wp-json\/wp\/v2\/posts\/33679","targetHints":{"allow":["GET"]}}],"collection":[{"href":"https:\/\/portalmovil.com.ar\/index.php\/wp-json\/wp\/v2\/posts"}],"about":[{"href":"https:\/\/portalmovil.com.ar\/index.php\/wp-json\/wp\/v2\/types\/post"}],"author":[{"embeddable":true,"href":"https:\/\/portalmovil.com.ar\/index.php\/wp-json\/wp\/v2\/users\/2"}],"replies":[{"embeddable":true,"href":"https:\/\/portalmovil.com.ar\/index.php\/wp-json\/wp\/v2\/comments?post=33679"}],"version-history":[{"count":1,"href":"https:\/\/portalmovil.com.ar\/index.php\/wp-json\/wp\/v2\/posts\/33679\/revisions"}],"predecessor-version":[{"id":33680,"href":"https:\/\/portalmovil.com.ar\/index.php\/wp-json\/wp\/v2\/posts\/33679\/revisions\/33680"}],"wp:featuredmedia":[{"embeddable":true,"href":"https:\/\/portalmovil.com.ar\/index.php\/wp-json\/wp\/v2\/media\/33465"}],"wp:attachment":[{"href":"https:\/\/portalmovil.com.ar\/index.php\/wp-json\/wp\/v2\/media?parent=33679"}],"wp:term":[{"taxonomy":"category","embeddable":true,"href":"https:\/\/portalmovil.com.ar\/index.php\/wp-json\/wp\/v2\/categories?post=33679"},{"taxonomy":"post_tag","embeddable":true,"href":"https:\/\/portalmovil.com.ar\/index.php\/wp-json\/wp\/v2\/tags?post=33679"}],"curies":[{"name":"wp","href":"https:\/\/api.w.org\/{rel}","templated":true}]}}