{"id":33648,"date":"2021-07-18T19:31:14","date_gmt":"2021-07-18T22:31:14","guid":{"rendered":"https:\/\/portalmovil.com.ar\/?p=33648"},"modified":"2021-07-18T19:31:17","modified_gmt":"2021-07-18T22:31:17","slug":"gustavo-martinez-acompano-jornada-de-vacunacion-antirrabica-y-asistencia-a-animales-callejeros","status":"publish","type":"post","link":"https:\/\/portalmovil.com.ar\/index.php\/2021\/07\/18\/gustavo-martinez-acompano-jornada-de-vacunacion-antirrabica-y-asistencia-a-animales-callejeros\/","title":{"rendered":"Gustavo Mart\u00ednez acompa\u00f1\u00f3 jornada de vacunaci\u00f3n antirr\u00e1bica y asistencia a animales callejeros"},"content":{"rendered":"\n<p>En el Domo del Centenario, con la presencia de Gustavo Mart\u00ednez, se realiz\u00f3 una actividad destinada a fabricar casitas para animales en situaci\u00f3n de calle y, adem\u00e1s, se llev\u00f3 a cabo una campa\u00f1a de vacunaci\u00f3n antirr\u00e1bica a cargo del Centro Veterinario Municipal, que tambi\u00e9n brind\u00f3 charlas sobre castraci\u00f3n y sanidad.<\/p>\n\n\n\n<p>Esta iniciativa fue apoyada por el Gobierno de la Ciudad de Resistencia y la Fundaci\u00f3n Urunday, estuvo organizada por la Fundaci\u00f3n Todo por Ellos y el Proyecto Puro Amor, y cont\u00f3 con la participaci\u00f3n de la Divisi\u00f3n de Canes de la Polic\u00eda del Chaco.<\/p>\n\n\n\n<p>Mart\u00ednez sostuvo que \u201ces fundamental respaldar las actividades que llevan adelante las instituciones protectoras de animales, sobre todo en lo vinculado a dinamizar todas las herramientas que se pueden disponer para construir casitas destinadas a perros que est\u00e1n en la v\u00eda p\u00fablica, que no tienen lugar donde dormir y sufren el fr\u00edo\u201d, y agreg\u00f3 que \u201ctambi\u00e9n se aprovech\u00f3 para completar una campa\u00f1a de vacunaci\u00f3n contra la rabia para las mascotas\u201d.<\/p>\n\n\n\n<p>En una misma sinton\u00eda, remarc\u00f3 que \u201cesta es una forma de m\u00e1s de trabajar por nuestra poblaci\u00f3n animal y sirve a la vez para generar conciencia entre todos y todas\u201d, y a\u00f1adi\u00f3 que \u201ces fundamental que el Municipio se relacione con las instituciones para generar una sinergia que favorezca al quehacer cotidiano de la comunidad\u201d.<\/p>\n\n\n\n<p>La presidenta de Todo por Ellos y Puro Amor, Paola Fern\u00e1ndez, se mostr\u00f3 muy agradecida con esta gesti\u00f3n municipal y expres\u00f3 que \u201cque se acompa\u00f1e esta propuesta es muy importante ya que al no tener capacidad para contener a las mascotas que se rescatan, muchas veces vuelven a la calle, pero al menos retornan con una casita\u201d.<\/p>\n\n\n\n<p>Y detall\u00f3 que \u201carmamos un registro de los animales que est\u00e1n en la v\u00eda p\u00fablica para acercarles comida y atenci\u00f3n veterinaria\u201d. Asimismo, indic\u00f3 que \u201cla meta es lograr conseguir un espacio donde los animales puedan tener un postoperatorio y un lugar de rehabilitaci\u00f3n para su recuperaci\u00f3n\u201d.<\/p>\n\n\n\n<p>La coordinadora del Centro Veterinario Municipal, Agostina Uberti, explic\u00f3 que \u201cdebido a la pandemia se estuvo varios meses sin poder concretar las campa\u00f1as itinerantes de vacunaci\u00f3n antirr\u00e1bica, y vemos con placer que esta convocatoria surti\u00f3 efecto porque se acercaron muchos vecinos y vecinas\u201d.<\/p>\n\n\n\n<p>El titular de la Fundaci\u00f3n Urunday, Fabriciano G\u00f3mez, se\u00f1al\u00f3 que \u201cpor suerte amaneci\u00f3 un lindo d\u00eda para la gente que trajo sus perritos para vacunarlos, y se les pudo brindar una charla sobre la castraci\u00f3n\u201d.<\/p>\n\n\n\n<p>Y ampli\u00f3 diciendo que \u201cel trabajo que desarrollan estas organizaciones es muy positivo porque sirve para cuidar y preservar la poblaci\u00f3n animal, y por eso es necesario que los vecinos y vecinas colaboren con estas fundaciones que se encargan de los perritos que no la pasan bien\u201d.<\/p>\n","protected":false},"excerpt":{"rendered":"<p>En el Domo del Centenario, con la presencia de Gustavo Mart\u00ednez, se realiz\u00f3 una actividad destinada a fabricar casitas para animales en situaci\u00f3n de calle y, adem\u00e1s, se llev\u00f3 a cabo una campa\u00f1a de vacunaci\u00f3n antirr\u00e1bica a cargo del Centro Veterinario Municipal, que tambi\u00e9n brind\u00f3 charlas sobre castraci\u00f3n y sanidad. Esta iniciativa fue apoyada por &hellip;<\/p>\n","protected":false},"author":2,"featured_media":33649,"comment_status":"open","ping_status":"open","sticky":false,"template":"","format":"standard","meta":{"_jetpack_memberships_contains_paid_content":false,"footnotes":"","jetpack_publicize_message":"","jetpack_publicize_feature_enabled":true,"jetpack_social_post_already_shared":true,"jetpack_social_options":{"image_generator_settings":{"template":"highway","default_image_id":0,"font":"","enabled":false},"version":2}},"categories":[37],"tags":[],"class_list":["post-33648","post","type-post","status-publish","format-standard","has-post-thumbnail","hentry","category-resistencia"],"jetpack_publicize_connections":[],"jetpack_featured_media_url":"https:\/\/portalmovil.com.ar\/wp-content\/uploads\/2021\/07\/GM-JornadaMascotas-696x527-1.jpg","jetpack_sharing_enabled":true,"amp_enabled":true,"_links":{"self":[{"href":"https:\/\/portalmovil.com.ar\/index.php\/wp-json\/wp\/v2\/posts\/33648","targetHints":{"allow":["GET"]}}],"collection":[{"href":"https:\/\/portalmovil.com.ar\/index.php\/wp-json\/wp\/v2\/posts"}],"about":[{"href":"https:\/\/portalmovil.com.ar\/index.php\/wp-json\/wp\/v2\/types\/post"}],"author":[{"embeddable":true,"href":"https:\/\/portalmovil.com.ar\/index.php\/wp-json\/wp\/v2\/users\/2"}],"replies":[{"embeddable":true,"href":"https:\/\/portalmovil.com.ar\/index.php\/wp-json\/wp\/v2\/comments?post=33648"}],"version-history":[{"count":1,"href":"https:\/\/portalmovil.com.ar\/index.php\/wp-json\/wp\/v2\/posts\/33648\/revisions"}],"predecessor-version":[{"id":33650,"href":"https:\/\/portalmovil.com.ar\/index.php\/wp-json\/wp\/v2\/posts\/33648\/revisions\/33650"}],"wp:featuredmedia":[{"embeddable":true,"href":"https:\/\/portalmovil.com.ar\/index.php\/wp-json\/wp\/v2\/media\/33649"}],"wp:attachment":[{"href":"https:\/\/portalmovil.com.ar\/index.php\/wp-json\/wp\/v2\/media?parent=33648"}],"wp:term":[{"taxonomy":"category","embeddable":true,"href":"https:\/\/portalmovil.com.ar\/index.php\/wp-json\/wp\/v2\/categories?post=33648"},{"taxonomy":"post_tag","embeddable":true,"href":"https:\/\/portalmovil.com.ar\/index.php\/wp-json\/wp\/v2\/tags?post=33648"}],"curies":[{"name":"wp","href":"https:\/\/api.w.org\/{rel}","templated":true}]}}