{"id":33624,"date":"2021-07-18T11:14:42","date_gmt":"2021-07-18T14:14:42","guid":{"rendered":"https:\/\/portalmovil.com.ar\/?p=33624"},"modified":"2021-07-18T11:14:46","modified_gmt":"2021-07-18T14:14:46","slug":"chaco-cambia-juntos-por-el-cambio-se-presentaron-en-quitilipi","status":"publish","type":"post","link":"https:\/\/portalmovil.com.ar\/index.php\/2021\/07\/18\/chaco-cambia-juntos-por-el-cambio-se-presentaron-en-quitilipi\/","title":{"rendered":"Chaco Cambia + Juntos por el Cambio se presentaron en Quitilipi"},"content":{"rendered":"\n<p>Se present\u00f3 este s\u00e1bado desde la ciudad de Quitilipi, el Frente Chaco Cambia + Juntos por el Cambio con Leandro Zdero y Juan Carlos Polini, quienes lideran las listas para diputados provinciales y nacionales respectivamente. La convocatoria es amplia a todos los sectores sociales, econ\u00f3micos y pol\u00edticos de la provincia para ser la alternativa en el 2023.<\/p>\n\n\n\n<figure class=\"wp-block-image is-resized\"><img loading=\"lazy\" decoding=\"async\" src=\"https:\/\/www.chacodiapordia.com\/wp-content\/uploads\/2021\/07\/chaco-696x461.jpeg\" alt=\"\" width=\"924\" height=\"612\" title=\"chaco\"\/><figcaption>Polini y Zdero saludan a los seguidores presentes.<\/figcaption><\/figure>\n\n\n\n<p>Al inicio de la reuni\u00f3n, el intendente local Ariel \u201cQuitito\u201d Lovey manifest\u00f3 su bienvenida a todos los asistentes y convoc\u00f3 a seguir trabajando en favor de todos los chaque\u00f1os. Durante la reuni\u00f3n, adem\u00e1s se escucharon conceptos de Maril\u00fa Quiroz, del PRO; Alicia Terada de la Coalici\u00f3n C\u00edvica ARI; Isabel \u00c1lvarez, de Bases y Principios; Glenda Seifert, Ver\u00f3nica Vargas y Carim Peche de la UCR, quienes coincidieron plenamente en hacer un gran compromiso con la gente y convocar a cada vecino a cambiar por un futuro mejor con Chaco Cambia, Yo cambio y en salir adelante porque \u201cTenemos a mujeres y hombres capaces para lograrlo\u201d,<\/p>\n\n\n\n<h2 class=\"wp-block-heading\"><strong>Polini: \u201cRepresentamos el cambio y la esperanza\u201d<\/strong><\/h2>\n\n\n\n<p>El Intendente de Coronel Du Graty y precandidato a diputado nacional por \u201cChaco Cambia\u201d, Juan Carlos Polini, se\u00f1al\u00f3:&nbsp;\u201cestamos decididos con Leandro; con las mujeres y hombres que nos acompa\u00f1an a que este sea el \u00faltimo a\u00f1o en el que los chaque\u00f1os tengan que pedir por favor y ponerse de rodillas. Hoy es una fecha hist\u00f3rica, porque no nace un Frente m\u00e1s, nace una forma distinta de hacer pol\u00edtica\u201d.<\/p>\n\n\n\n<h2 class=\"wp-block-heading\"><strong>Zdero: \u201cEstamos los que nos atrevemos a que Chaco cambie\u201d<\/strong><\/h2>\n\n\n\n<p>Leandro Zdero, candidato a primer diputado provincial por \u201cChaco Cambia\u201d expres\u00f3 que&nbsp;\u201cestamos comprometidos con Juan Carlos a convocar a todos los sectores. Queremos cambiar la frustraci\u00f3n por la esperanza, que mejore la salud y la educaci\u00f3n porque son nuestros pilares fundamentales. Han fundido y han pisoteado la esperanza de la gente y es por eso, que ac\u00e1 estamos los que queremos el cambio, los que nos atrevemos para que el Chaco vuelva a ilusionarse con vivir mejor\u201d.<\/p>\n","protected":false},"excerpt":{"rendered":"<p>Se present\u00f3 este s\u00e1bado desde la ciudad de Quitilipi, el Frente Chaco Cambia + Juntos por el Cambio con Leandro Zdero y Juan Carlos Polini, quienes lideran las listas para diputados provinciales y nacionales respectivamente. La convocatoria es amplia a todos los sectores sociales, econ\u00f3micos y pol\u00edticos de la provincia para ser la alternativa en &hellip;<\/p>\n","protected":false},"author":2,"featured_media":33625,"comment_status":"open","ping_status":"open","sticky":false,"template":"","format":"standard","meta":{"_jetpack_memberships_contains_paid_content":false,"footnotes":"","jetpack_publicize_message":"","jetpack_publicize_feature_enabled":true,"jetpack_social_post_already_shared":true,"jetpack_social_options":{"image_generator_settings":{"template":"highway","default_image_id":0,"font":"","enabled":false},"version":2}},"categories":[5,14],"tags":[],"class_list":["post-33624","post","type-post","status-publish","format-standard","has-post-thumbnail","hentry","category-chaco","category-politica"],"jetpack_publicize_connections":[],"jetpack_featured_media_url":"https:\/\/portalmovil.com.ar\/wp-content\/uploads\/2021\/07\/163468w770h720.jpg","jetpack_sharing_enabled":true,"amp_enabled":true,"_links":{"self":[{"href":"https:\/\/portalmovil.com.ar\/index.php\/wp-json\/wp\/v2\/posts\/33624","targetHints":{"allow":["GET"]}}],"collection":[{"href":"https:\/\/portalmovil.com.ar\/index.php\/wp-json\/wp\/v2\/posts"}],"about":[{"href":"https:\/\/portalmovil.com.ar\/index.php\/wp-json\/wp\/v2\/types\/post"}],"author":[{"embeddable":true,"href":"https:\/\/portalmovil.com.ar\/index.php\/wp-json\/wp\/v2\/users\/2"}],"replies":[{"embeddable":true,"href":"https:\/\/portalmovil.com.ar\/index.php\/wp-json\/wp\/v2\/comments?post=33624"}],"version-history":[{"count":1,"href":"https:\/\/portalmovil.com.ar\/index.php\/wp-json\/wp\/v2\/posts\/33624\/revisions"}],"predecessor-version":[{"id":33626,"href":"https:\/\/portalmovil.com.ar\/index.php\/wp-json\/wp\/v2\/posts\/33624\/revisions\/33626"}],"wp:featuredmedia":[{"embeddable":true,"href":"https:\/\/portalmovil.com.ar\/index.php\/wp-json\/wp\/v2\/media\/33625"}],"wp:attachment":[{"href":"https:\/\/portalmovil.com.ar\/index.php\/wp-json\/wp\/v2\/media?parent=33624"}],"wp:term":[{"taxonomy":"category","embeddable":true,"href":"https:\/\/portalmovil.com.ar\/index.php\/wp-json\/wp\/v2\/categories?post=33624"},{"taxonomy":"post_tag","embeddable":true,"href":"https:\/\/portalmovil.com.ar\/index.php\/wp-json\/wp\/v2\/tags?post=33624"}],"curies":[{"name":"wp","href":"https:\/\/api.w.org\/{rel}","templated":true}]}}