{"id":33599,"date":"2021-07-17T21:40:10","date_gmt":"2021-07-18T00:40:10","guid":{"rendered":"https:\/\/portalmovil.com.ar\/?p=33599"},"modified":"2021-07-17T22:23:56","modified_gmt":"2021-07-18T01:23:56","slug":"fontana-fallecio-un-adolescente-tras-ser-embestido-por-un-tren-de-cargas","status":"publish","type":"post","link":"https:\/\/portalmovil.com.ar\/index.php\/2021\/07\/17\/fontana-fallecio-un-adolescente-tras-ser-embestido-por-un-tren-de-cargas\/","title":{"rendered":"Fontana: Falleci\u00f3 un adolescente tras ser embestido por un tren de cargas"},"content":{"rendered":"\n<p>Los efectivos de la Comisar\u00eda Segunda de Fontana intervinieron en&nbsp;<strong>un accidente de tr\u00e1nsito, ocurrido este s\u00e1bado por la tarde, por calle 268 de Puerto Vicentini, sobre las v\u00edas del tren en Fontana<\/strong>. All\u00ed, constataron que&nbsp;<strong>un adolescente de 13 a\u00f1os habr\u00eda sido embestido por un tren de cargas y luego fue trasladado hacia el Hospital Luis Fleitas, para ser asistido. &nbsp;<\/strong><\/p>\n\n\n\n<p>Seguidamente, se dio intervenci\u00f3n al personal de la Divisi\u00f3n Criminal\u00edstica, quien conforme lo dispuesto por la Fiscal\u00eda de Investigaci\u00f3n Penal N\u00b0 10, realizaron tomas fotogr\u00e1ficas y pericias en el lugar.<\/p>\n\n\n\n<p>Por otra parte, tanto personal de la comisar\u00eda y de la Divisi\u00f3n Criminal\u00edstica,&nbsp;<strong>se dirigieron hacia la localidad de Laguna Blanca, donde detuvieron al maquinista del tren.<\/strong><\/p>\n\n\n\n<p>Posteriormente,&nbsp;informaron desde el Hospital Fleitas que el menor fue derivado al Hospital Pedi\u00e1trico y que, minutos despu\u00e9s, los m\u00e9dicos comunicaron el fallecimiento del menor de edad, debido a las lesiones contra\u00eddas.<\/p>\n\n\n\n<p>Consultado con la fiscal interviniente, dispuso que\u00a0<strong>el maquinista de 29 a\u00f1os, sea notificado de su aprehensi\u00f3n en la causa por \u201csupuesto homicidio culposo en accidente de tr\u00e1nsito\u201d.<\/strong><\/p>\n\n\n\n<p>PH: ILUSTRATIVA<\/p>\n","protected":false},"excerpt":{"rendered":"<p>Los efectivos de la Comisar\u00eda Segunda de Fontana intervinieron en&nbsp;un accidente de tr\u00e1nsito, ocurrido este s\u00e1bado por la tarde, por calle 268 de Puerto Vicentini, sobre las v\u00edas del tren en Fontana. All\u00ed, constataron que&nbsp;un adolescente de 13 a\u00f1os habr\u00eda sido embestido por un tren de cargas y luego fue trasladado hacia el Hospital Luis &hellip;<\/p>\n","protected":false},"author":2,"featured_media":33600,"comment_status":"open","ping_status":"open","sticky":false,"template":"","format":"standard","meta":{"_jetpack_memberships_contains_paid_content":false,"footnotes":"","jetpack_publicize_message":"","jetpack_publicize_feature_enabled":true,"jetpack_social_post_already_shared":true,"jetpack_social_options":{"image_generator_settings":{"template":"highway","default_image_id":0,"font":"","enabled":false},"version":2}},"categories":[28,8],"tags":[],"class_list":["post-33599","post","type-post","status-publish","format-standard","has-post-thumbnail","hentry","category-actualidad","category-policiales"],"jetpack_publicize_connections":[],"jetpack_featured_media_url":"https:\/\/portalmovil.com.ar\/wp-content\/uploads\/2021\/07\/SM-Foto-tren-de-carga-04072020.jpg","jetpack_sharing_enabled":true,"amp_enabled":true,"_links":{"self":[{"href":"https:\/\/portalmovil.com.ar\/index.php\/wp-json\/wp\/v2\/posts\/33599","targetHints":{"allow":["GET"]}}],"collection":[{"href":"https:\/\/portalmovil.com.ar\/index.php\/wp-json\/wp\/v2\/posts"}],"about":[{"href":"https:\/\/portalmovil.com.ar\/index.php\/wp-json\/wp\/v2\/types\/post"}],"author":[{"embeddable":true,"href":"https:\/\/portalmovil.com.ar\/index.php\/wp-json\/wp\/v2\/users\/2"}],"replies":[{"embeddable":true,"href":"https:\/\/portalmovil.com.ar\/index.php\/wp-json\/wp\/v2\/comments?post=33599"}],"version-history":[{"count":2,"href":"https:\/\/portalmovil.com.ar\/index.php\/wp-json\/wp\/v2\/posts\/33599\/revisions"}],"predecessor-version":[{"id":33602,"href":"https:\/\/portalmovil.com.ar\/index.php\/wp-json\/wp\/v2\/posts\/33599\/revisions\/33602"}],"wp:featuredmedia":[{"embeddable":true,"href":"https:\/\/portalmovil.com.ar\/index.php\/wp-json\/wp\/v2\/media\/33600"}],"wp:attachment":[{"href":"https:\/\/portalmovil.com.ar\/index.php\/wp-json\/wp\/v2\/media?parent=33599"}],"wp:term":[{"taxonomy":"category","embeddable":true,"href":"https:\/\/portalmovil.com.ar\/index.php\/wp-json\/wp\/v2\/categories?post=33599"},{"taxonomy":"post_tag","embeddable":true,"href":"https:\/\/portalmovil.com.ar\/index.php\/wp-json\/wp\/v2\/tags?post=33599"}],"curies":[{"name":"wp","href":"https:\/\/api.w.org\/{rel}","templated":true}]}}