{"id":3354,"date":"2020-03-12T20:20:47","date_gmt":"2020-03-12T23:20:47","guid":{"rendered":"http:\/\/portalmovil.com.ar\/?p=3354"},"modified":"2020-03-12T20:21:16","modified_gmt":"2020-03-12T23:21:16","slug":"el-frente-gremial-docente-pide-suspender-las-clases-de-inmediato","status":"publish","type":"post","link":"https:\/\/portalmovil.com.ar\/index.php\/2020\/03\/12\/el-frente-gremial-docente-pide-suspender-las-clases-de-inmediato\/","title":{"rendered":"El Frente Gremial Docente pide suspender las clases de inmediato"},"content":{"rendered":"\n<p>Ante la preocupante situaci\u00f3n por la propagaci\u00f3n del\u00a0coronavirus\u00a0que ha obligado al Gobierno nacional como al provincial a tomar urgentes medidas, tendientes a cuidar la salud de la poblaci\u00f3n, las entidades sindicales del\u00a0Frente Gremial Docente\u00a0solicitan expresamente al Ejecutivo provincial que resuelva la inmediata suspensi\u00f3n de clases en todo el territorio y en todos los niveles y modalidades del sistema educativo. <\/p>\n\n\n\n<p>\u201cSobran las razones para tal requerimiento, en resguardo de la salud de los trabajadores de la\u00a0educaci\u00f3n, del alumnado chaque\u00f1o y de los dem\u00e1s integrantes de la comunidad educativa\u201d, indicaron.  <\/p>\n\n\n\n<p>\u201cA nadie puede escapar que, en una buena parte de los establecimientos educativos de la provincia, no est\u00e1n dadas las condiciones m\u00ednimas necesarias para proceder a cumplir con las medidas preventivas. Ejemplo, lavado de manos, no habiendo agua en muchas escuelas\u201d, determinaron.<\/p>\n\n\n\n<p>Asimismo, las entidades del Frente advierten que de no obtenerse respuesta, resolver\u00e1n en consecuencia, en aras de las medidas preventivas que necesariamente deben asegurarse por parte del propio Estado.<\/p>\n","protected":false},"excerpt":{"rendered":"<p>Ante la preocupante situaci\u00f3n por la propagaci\u00f3n del\u00a0coronavirus\u00a0que ha obligado al Gobierno nacional como al provincial a tomar urgentes medidas, tendientes a cuidar la salud de la poblaci\u00f3n, las entidades sindicales del\u00a0Frente Gremial Docente\u00a0solicitan expresamente al Ejecutivo provincial que resuelva la inmediata suspensi\u00f3n de clases en todo el territorio y en todos los niveles y &hellip;<\/p>\n","protected":false},"author":2,"featured_media":3355,"comment_status":"open","ping_status":"open","sticky":false,"template":"","format":"standard","meta":{"_jetpack_memberships_contains_paid_content":false,"footnotes":"","jetpack_publicize_message":"","jetpack_publicize_feature_enabled":true,"jetpack_social_post_already_shared":true,"jetpack_social_options":{"image_generator_settings":{"template":"highway","default_image_id":0,"font":"","enabled":false},"version":2}},"categories":[5],"tags":[324,67,197],"class_list":["post-3354","post","type-post","status-publish","format-standard","has-post-thumbnail","hentry","category-chaco","tag-alumnos","tag-educacion","tag-gremios"],"jetpack_publicize_connections":[],"jetpack_featured_media_url":"https:\/\/portalmovil.com.ar\/wp-content\/uploads\/2020\/03\/frente-gremial-docente-de-la-provincia-de-chaco.jpg","jetpack_sharing_enabled":true,"amp_enabled":true,"_links":{"self":[{"href":"https:\/\/portalmovil.com.ar\/index.php\/wp-json\/wp\/v2\/posts\/3354","targetHints":{"allow":["GET"]}}],"collection":[{"href":"https:\/\/portalmovil.com.ar\/index.php\/wp-json\/wp\/v2\/posts"}],"about":[{"href":"https:\/\/portalmovil.com.ar\/index.php\/wp-json\/wp\/v2\/types\/post"}],"author":[{"embeddable":true,"href":"https:\/\/portalmovil.com.ar\/index.php\/wp-json\/wp\/v2\/users\/2"}],"replies":[{"embeddable":true,"href":"https:\/\/portalmovil.com.ar\/index.php\/wp-json\/wp\/v2\/comments?post=3354"}],"version-history":[{"count":1,"href":"https:\/\/portalmovil.com.ar\/index.php\/wp-json\/wp\/v2\/posts\/3354\/revisions"}],"predecessor-version":[{"id":3356,"href":"https:\/\/portalmovil.com.ar\/index.php\/wp-json\/wp\/v2\/posts\/3354\/revisions\/3356"}],"wp:featuredmedia":[{"embeddable":true,"href":"https:\/\/portalmovil.com.ar\/index.php\/wp-json\/wp\/v2\/media\/3355"}],"wp:attachment":[{"href":"https:\/\/portalmovil.com.ar\/index.php\/wp-json\/wp\/v2\/media?parent=3354"}],"wp:term":[{"taxonomy":"category","embeddable":true,"href":"https:\/\/portalmovil.com.ar\/index.php\/wp-json\/wp\/v2\/categories?post=3354"},{"taxonomy":"post_tag","embeddable":true,"href":"https:\/\/portalmovil.com.ar\/index.php\/wp-json\/wp\/v2\/tags?post=3354"}],"curies":[{"name":"wp","href":"https:\/\/api.w.org\/{rel}","templated":true}]}}