{"id":33517,"date":"2021-07-16T20:29:42","date_gmt":"2021-07-16T23:29:42","guid":{"rendered":"https:\/\/portalmovil.com.ar\/?p=33517"},"modified":"2021-07-16T20:29:45","modified_gmt":"2021-07-16T23:29:45","slug":"piden-que-el-jubilado-que-mato-hace-un-ano-a-un-ladron-en-quilmes-sea-sometido-a-juicio-oral","status":"publish","type":"post","link":"https:\/\/portalmovil.com.ar\/index.php\/2021\/07\/16\/piden-que-el-jubilado-que-mato-hace-un-ano-a-un-ladron-en-quilmes-sea-sometido-a-juicio-oral\/","title":{"rendered":"Piden que el jubilado que mat\u00f3 hace un a\u00f1o a un ladr\u00f3n en Quilmes sea sometido a juicio oral"},"content":{"rendered":"\n<p>Un fiscal pidi\u00f3 que Jorge R\u00edos, el jubilado de 71 a\u00f1os que hace un a\u00f1o mat\u00f3 a uno de los delincuentes que lo asaltaron en su casa del partido de Quilmes, sea sometido a un juicio oral por ese homicidio por el que podr\u00eda recibir una pena de hasta 25 a\u00f1os de prisi\u00f3n, mientras que su defensa afirm\u00f3 que eval\u00faa pedir el sobreseimiento.<\/p>\n\n\n\n<p>Un d\u00eda antes de cumplirse un a\u00f1o del hecho, el fiscal Ariel Rivas solicit\u00f3 al juez de Garant\u00edas 2 de\u00a0Quilmes, Mart\u00edn Nolfi, la elevaci\u00f3n a juicio de la causa que se le sigue a R\u00edos, quien no est\u00e1 con prisi\u00f3n preventiva pero a\u00fan permanece con custodia policial tras el crimen de Mart\u00edn \u00abPiolo\u00bb Moreyra (26).<\/p>\n\n\n\n<p>El abogado Fernando Soto, defensor del jubilado junto a Marino Alejandro Cid Aparicio, confirm\u00f3 a T\u00e9lam que el funcionario judicial requiri\u00f3 que sea juzgado por el delito de \u00abhomicidio agravado por el uso de arma de fuego\u00bb.<\/p>\n\n\n\n<figure class=\"wp-block-image size-large\"><img loading=\"lazy\" decoding=\"async\" width=\"730\" height=\"410\" src=\"https:\/\/portalmovil.com.ar\/wp-content\/uploads\/2021\/07\/quilmes-piden-el-sobreseimiento-jorge-rios.jpg\" alt=\"\" class=\"wp-image-33520\" srcset=\"https:\/\/portalmovil.com.ar\/wp-content\/uploads\/2021\/07\/quilmes-piden-el-sobreseimiento-jorge-rios.jpg 730w, https:\/\/portalmovil.com.ar\/wp-content\/uploads\/2021\/07\/quilmes-piden-el-sobreseimiento-jorge-rios-300x168.jpg 300w\" sizes=\"auto, (max-width: 730px) 100vw, 730px\" \/><\/figure>\n\n\n\n<p>\u00abEstamos evaluando si pedimos nuevamente el sobreseimiento en la causa, aunque al juicio no nos opondremos ya que queremos que se termine este calvario para Jorge\u00bb, dijo Soto.<\/p>\n\n\n\n<p>Rivas, titular de la Unidad Fiscal de Instrucci\u00f3n (UFI) 1 de Quilmes, hab\u00eda desdoblado el expediente que tiene por un lado al homicidio de Moreyra con el jubilado R\u00edos como imputado, y por el otro, a los cuatro sospechosos de ser los c\u00f3mplices del fallecido en el asalto.<\/p>\n\n\n\n<p>Los acusados por \u00abhurto agravado por escalamiento en concurso real con robo agravado por el uso de arma de fuego\u00bb son Christian Javier \u201cDibu\u201d Chara (23), David Ezequiel C\u00f3rdoba (25), Mart\u00edn Ariel \u201cPerro\u201d Salto (27) y Claudio Nicol\u00e1s \u201cEl Enano\u201d Dahmer (27), quienes ser\u00e1n juzgados en otro debate y siguen detenidos con prisi\u00f3n preventiva, ya que el fiscal y el juez consideraron que existe un alto riesgo de fuga.<\/p>\n\n\n\n<p>Por su parte, R\u00edos aguarda en su casa por el desarrollo de la causa penal en la que contin\u00faa procesado y, en caso de ser condenado, podr\u00eda recibir una pena de entre 10 y 25 a\u00f1os de prisi\u00f3n.<\/p>\n\n\n\n<p>\u00abLo que sucedi\u00f3 fue una tragedia, tengo una mochila muy grande que cargar que fue el fallecimiento de una persona. Estoy contenido por un mont\u00f3n de gente, en la parte ps\u00edquica y psiqui\u00e1trica y en la parte f\u00edsica, pero es todo muy duro\u00bb, expres\u00f3 R\u00edos en declaraciones a T\u00e9lam.<\/p>\n\n\n\n<p>El abogado Soto afirm\u00f3 que la decisi\u00f3n de Rivas ocurri\u00f3 luego que desistiera de realizar una pericia hispatol\u00f3gica del fallecido, que el representante del Ministerio P\u00fablico hab\u00eda pedido y que tendr\u00eda lugar reci\u00e9n en abril de 2022.<\/p>\n\n\n\n<p>\u00abSi el juez no hace lugar al pedido de sobreseimiento vamos a apelar ante la C\u00e1mara y si todo contin\u00faa hasta el juicio solicitaremos que intervenga un jurado popular\u00bb, dijo el defensor.<\/p>\n\n\n\n<p>En tanto, Natalia Moreyra, la hermana del joven muerto, pidi\u00f3 \u00abjusticia\u00bb y que R\u00edos \u00abpague como sea\u00bb, aunque admiti\u00f3 que tanto ella como el resto de la familia est\u00e1 \u00abmuy mal por todo lo que pas\u00f3\u00bb y que, como no tienen abogado, dependen \u00abde lo que dice el fiscal sobre lo que est\u00e1 pasando con la causa\u00bb.<\/p>\n\n\n\n<p>Los hechos investigados ocurrieron entre las 4 y las 4.50 de la madrugada del 17 de julio del pasado a\u00f1o, cuando cinco ladrones ingresaron por tercera vez en la misma noche a robar a la vivienda de R\u00edos, ubicada en Ayolas al 2700, en Quilmes Oeste.<\/p>\n\n\n\n<p>El herrero jubilado fue sorprendido en su vivienda mientras dorm\u00eda, y fue golpeado e intimidado con un destornillador por los asaltantes, quienes le causaron heridas en el dorso de la mano derecha, en su antebrazo derecho, y en la cabeza, al mismo tiempo que \u00abintentaron desapoderarlo ileg\u00edtimamente de cosas de valor existentes en la propiedad\u00bb, seg\u00fan acredit\u00f3 el juez Nolfi.<\/p>\n\n\n\n<p>Sin embargo, los ladrones no pudieron lograr su objetivo porque R\u00edos extrajo una pistola Bersa Thunder calibre 9 mil\u00edmetros y les efectu\u00f3 varios disparos con los que los hizo huir.<\/p>\n\n\n\n<p>En las im\u00e1genes de las c\u00e1maras de seguridad se ve que uno de los asaltantes, luego identificado como Moreyra, qued\u00f3 rezagado del resto de la banda porque estaba herido y trat\u00f3 de huir rengueando hasta que cay\u00f3 a la vuelta de la esquina.<\/p>\n\n\n\n<p>En los mismos videos se ve que R\u00edos sali\u00f3 armado de su casa y alcanz\u00f3 a Moreyra, lo pate\u00f3 y, seg\u00fan declaraciones de testigos, le dispar\u00f3.<\/p>\n\n\n\n<p>Si bien en la filmaci\u00f3n no se observa a simple vista ning\u00fan fogonazo por la mala calidad de la imagen, la hip\u00f3tesis principal de la fiscal\u00eda es que, en ese sitio, a 60 metros de su casa, el jubilado remat\u00f3 al delincuente.<\/p>\n\n\n\n<p>Sin embargo, la defensa se ampara en un peritaje bal\u00edstico del Instituto de Ciencias Forenses de Lomas de Zamora, el cual determin\u00f3 que R\u00edos dispar\u00f3 \u00aba una distancia superior a los 50 cent\u00edmetros\u00bb.<\/p>\n\n\n\n<p>Soto se\u00f1al\u00f3 que los ex\u00e1menes determinaron que Moreyra hab\u00eda consumido coca\u00edna y que ten\u00eda 2.18 de alcohol en sangre, por lo que consider\u00f3 que el fallecido ten\u00eda \u00abun baj\u00edsimo umbral de dolor\u00bb que provoc\u00f3 que pudiera correr desde la vivienda en la que fue baleado hasta caer fallecido en la esquina.<\/p>\n\n\n\n<p>En tanto, el personal policial que arrib\u00f3 al lugar minutos despu\u00e9s de consumado el hecho tras un llamado al 911, encontr\u00f3 tres vainas servidas correspondientes a un arma calibre 9 mil\u00edmetros.<\/p>\n\n\n\n<p>A su vez, la autopsia al cuerpo de \u00abPiolo\u00bb Moreyra indic\u00f3 que el delincuente recibi\u00f3 dos balazos, uno en el t\u00f3rax y otro en la regi\u00f3n abdominal que le caus\u00f3 la muerte, por lo que la defensa de R\u00edos sugiri\u00f3 que pudieron haber sido \u00abplantadas\u00bb por los polic\u00edas que trabajaron en la escena.<\/p>\n\n\n\n<p>Fuente: Minutouno<\/p>\n","protected":false},"excerpt":{"rendered":"<p>Un fiscal pidi\u00f3 que Jorge R\u00edos, el jubilado de 71 a\u00f1os que hace un a\u00f1o mat\u00f3 a uno de los delincuentes que lo asaltaron en su casa del partido de Quilmes, sea sometido a un juicio oral por ese homicidio por el que podr\u00eda recibir una pena de hasta 25 a\u00f1os de prisi\u00f3n, mientras que su defensa afirm\u00f3 que eval\u00faa pedir el sobreseimiento.<\/p>\n","protected":false},"author":2,"featured_media":33521,"comment_status":"open","ping_status":"open","sticky":false,"template":"","format":"standard","meta":{"_jetpack_memberships_contains_paid_content":false,"footnotes":"","jetpack_publicize_message":"","jetpack_publicize_feature_enabled":true,"jetpack_social_post_already_shared":true,"jetpack_social_options":{"image_generator_settings":{"template":"highway","default_image_id":0,"font":"","enabled":false},"version":2}},"categories":[3],"tags":[],"class_list":["post-33517","post","type-post","status-publish","format-standard","has-post-thumbnail","hentry","category-sociedad"],"jetpack_publicize_connections":[],"jetpack_featured_media_url":"https:\/\/portalmovil.com.ar\/wp-content\/uploads\/2021\/07\/quilmes-piden-el-sobreseimiento-jorge-rios-1.jpg","jetpack_sharing_enabled":true,"amp_enabled":true,"_links":{"self":[{"href":"https:\/\/portalmovil.com.ar\/index.php\/wp-json\/wp\/v2\/posts\/33517","targetHints":{"allow":["GET"]}}],"collection":[{"href":"https:\/\/portalmovil.com.ar\/index.php\/wp-json\/wp\/v2\/posts"}],"about":[{"href":"https:\/\/portalmovil.com.ar\/index.php\/wp-json\/wp\/v2\/types\/post"}],"author":[{"embeddable":true,"href":"https:\/\/portalmovil.com.ar\/index.php\/wp-json\/wp\/v2\/users\/2"}],"replies":[{"embeddable":true,"href":"https:\/\/portalmovil.com.ar\/index.php\/wp-json\/wp\/v2\/comments?post=33517"}],"version-history":[{"count":1,"href":"https:\/\/portalmovil.com.ar\/index.php\/wp-json\/wp\/v2\/posts\/33517\/revisions"}],"predecessor-version":[{"id":33523,"href":"https:\/\/portalmovil.com.ar\/index.php\/wp-json\/wp\/v2\/posts\/33517\/revisions\/33523"}],"wp:featuredmedia":[{"embeddable":true,"href":"https:\/\/portalmovil.com.ar\/index.php\/wp-json\/wp\/v2\/media\/33521"}],"wp:attachment":[{"href":"https:\/\/portalmovil.com.ar\/index.php\/wp-json\/wp\/v2\/media?parent=33517"}],"wp:term":[{"taxonomy":"category","embeddable":true,"href":"https:\/\/portalmovil.com.ar\/index.php\/wp-json\/wp\/v2\/categories?post=33517"},{"taxonomy":"post_tag","embeddable":true,"href":"https:\/\/portalmovil.com.ar\/index.php\/wp-json\/wp\/v2\/tags?post=33517"}],"curies":[{"name":"wp","href":"https:\/\/api.w.org\/{rel}","templated":true}]}}