{"id":33395,"date":"2021-07-16T08:21:25","date_gmt":"2021-07-16T11:21:25","guid":{"rendered":"https:\/\/portalmovil.com.ar\/?p=33395"},"modified":"2021-07-16T08:21:39","modified_gmt":"2021-07-16T11:21:39","slug":"hoy-se-acredita-la-tarjeta-alimentar-para-quienes-tienen-el-plastico","status":"publish","type":"post","link":"https:\/\/portalmovil.com.ar\/index.php\/2021\/07\/16\/hoy-se-acredita-la-tarjeta-alimentar-para-quienes-tienen-el-plastico\/","title":{"rendered":"Hoy se acredita la Tarjeta Alimentar para quienes tienen el pl\u00e1stico"},"content":{"rendered":"\n<p>La ayuda econ\u00f3mica que se paga a trav\u00e9s de la\u00a0Tarjeta Alime<em>ntar\u00a0estar\u00e1 acreditada entre este viernes y el 28 de julio pr\u00f3ximo par<\/em>a todos los inscriptos, tanto quienes cuentan con el pl\u00e1stico como aquellos que cobran el beneficio a trav\u00e9s de la Asignaci\u00f3n Universal por Hijo (AUH), inform\u00f3 el Ministerio de Desarrollo Social.<\/p>\n\n\n\n<p>Este viernes reciben el pago del monto total quienes cuentan con la tarjeta en forma f\u00edsica.<\/p>\n\n\n\n<h2 class=\"wp-block-heading\">Cronograma de pago por\u00a0DNI\u00a0de la Tarteja Alimentar<\/h2>\n\n\n\n<p>Madres o padres con hijos e hijas de hasta 14 a\u00f1os inclusive, embarazadas a partir del tercer mes, personas con discapacidad que reciben y madres con m\u00e1s de 7 hijos que perciben AUH cobrar\u00e1n el beneficio siguiendo el siguiente calendario.<\/p>\n\n\n\n<ul class=\"wp-block-list\"><li>DNI terminados en 0 y 1, cobrar\u00e1n el pr\u00f3ximo jueves 22 de julio<\/li><li>DNI terminados en 2 y 3, lo har\u00e1n el viernes 23<\/li><li>DNI terminados en 4 y 5, el lunes 26<\/li><li>DNI terminados en 6 y 7, el martes 27<\/li><li>DNI terminados en 8 y 9, el mi\u00e9rcoles 28 de julio<\/li><\/ul>\n\n\n\n<p>A trav\u00e9s de la Tarjeta Alimentar, el Ministerio de Desarrollo Social destinar\u00e1 este a\u00f1o un presupuesto de $ 184.800 millones para casi cuatro millones de ni\u00f1as, ni\u00f1os y adolescentes, cuyo alcance fue ampliado este a\u00f1o.<\/p>\n","protected":false},"excerpt":{"rendered":"<p>La ayuda econ\u00f3mica que se paga a trav\u00e9s de la\u00a0Tarjeta Alimentar\u00a0estar\u00e1 acreditada entre este viernes y el 28 de julio pr\u00f3ximo para todos los inscriptos, tanto quienes cuentan con el pl\u00e1stico como aquellos que cobran el beneficio a trav\u00e9s de la Asignaci\u00f3n Universal por Hijo (AUH), inform\u00f3 el Ministerio de Desarrollo Social. Este viernes reciben &hellip;<\/p>\n","protected":false},"author":2,"featured_media":15302,"comment_status":"open","ping_status":"open","sticky":false,"template":"","format":"standard","meta":{"_jetpack_memberships_contains_paid_content":false,"footnotes":"","jetpack_publicize_message":"","jetpack_publicize_feature_enabled":true,"jetpack_social_post_already_shared":true,"jetpack_social_options":{"image_generator_settings":{"template":"highway","default_image_id":0,"font":"","enabled":false},"version":2}},"categories":[175],"tags":[],"class_list":["post-33395","post","type-post","status-publish","format-standard","has-post-thumbnail","hentry","category-economia"],"jetpack_publicize_connections":[],"jetpack_featured_media_url":"https:\/\/portalmovil.com.ar\/wp-content\/uploads\/2020\/11\/TarjetaAlimentaria-12-696x453-1.jpg","jetpack_sharing_enabled":true,"amp_enabled":true,"_links":{"self":[{"href":"https:\/\/portalmovil.com.ar\/index.php\/wp-json\/wp\/v2\/posts\/33395","targetHints":{"allow":["GET"]}}],"collection":[{"href":"https:\/\/portalmovil.com.ar\/index.php\/wp-json\/wp\/v2\/posts"}],"about":[{"href":"https:\/\/portalmovil.com.ar\/index.php\/wp-json\/wp\/v2\/types\/post"}],"author":[{"embeddable":true,"href":"https:\/\/portalmovil.com.ar\/index.php\/wp-json\/wp\/v2\/users\/2"}],"replies":[{"embeddable":true,"href":"https:\/\/portalmovil.com.ar\/index.php\/wp-json\/wp\/v2\/comments?post=33395"}],"version-history":[{"count":1,"href":"https:\/\/portalmovil.com.ar\/index.php\/wp-json\/wp\/v2\/posts\/33395\/revisions"}],"predecessor-version":[{"id":33396,"href":"https:\/\/portalmovil.com.ar\/index.php\/wp-json\/wp\/v2\/posts\/33395\/revisions\/33396"}],"wp:featuredmedia":[{"embeddable":true,"href":"https:\/\/portalmovil.com.ar\/index.php\/wp-json\/wp\/v2\/media\/15302"}],"wp:attachment":[{"href":"https:\/\/portalmovil.com.ar\/index.php\/wp-json\/wp\/v2\/media?parent=33395"}],"wp:term":[{"taxonomy":"category","embeddable":true,"href":"https:\/\/portalmovil.com.ar\/index.php\/wp-json\/wp\/v2\/categories?post=33395"},{"taxonomy":"post_tag","embeddable":true,"href":"https:\/\/portalmovil.com.ar\/index.php\/wp-json\/wp\/v2\/tags?post=33395"}],"curies":[{"name":"wp","href":"https:\/\/api.w.org\/{rel}","templated":true}]}}