{"id":33338,"date":"2021-07-15T19:41:13","date_gmt":"2021-07-15T22:41:13","guid":{"rendered":"https:\/\/portalmovil.com.ar\/?p=33338"},"modified":"2021-07-16T09:03:02","modified_gmt":"2021-07-16T12:03:02","slug":"nestor-sotelo-recogio-demandas-de-jovenes-profesionales-chaquenos","status":"publish","type":"post","link":"https:\/\/portalmovil.com.ar\/index.php\/2021\/07\/15\/nestor-sotelo-recogio-demandas-de-jovenes-profesionales-chaquenos\/","title":{"rendered":"N\u00e9stor Sotelo recogi\u00f3 demandas de j\u00f3venes profesionales chaque\u00f1os"},"content":{"rendered":"\n<p>El dirigente N\u00e9stor Sotelo se reuni\u00f3 este mi\u00e9rcoles con j\u00f3venes profesionales en la sede de la CGT en Resistencia. En la oportunidad, se dise\u00f1aron propuestas para ser trasladadas a la Legislatura provincial.<br>Participaron estudiantes y profesionales de distintas \u00e1reas, como la psicolog\u00eda, educaci\u00f3n, contabilidad, ingenier\u00eda, abogac\u00eda, salud, turismo, sindicalismo y j\u00f3venes trabajadores del Estado. El encuentro tambi\u00e9n conto con la participaci\u00f3n del secretario general de UPCP, Jos\u00e9 Niz.<br>Luego de abordar distintas tem\u00e1ticas, se logr\u00f3 recoger las demandas de los j\u00f3venes profesionales chaque\u00f1os para ser acompa\u00f1adas desde el Poder Legislativo. \u00c9stas son: promover carreras acordes a las necesidades de nuestra provincia; dise\u00f1ar pol\u00edticas p\u00fablicas para la inserci\u00f3n laboral; validaci\u00f3n de t\u00edtulos en la carrera administrativa.<\/p>\n\n\n\n<figure class=\"wp-block-image size-large\"><img loading=\"lazy\" decoding=\"async\" width=\"1024\" height=\"772\" src=\"https:\/\/portalmovil.com.ar\/wp-content\/uploads\/2021\/07\/03-1024x772.jpeg\" alt=\"\" class=\"wp-image-33340\" srcset=\"https:\/\/portalmovil.com.ar\/wp-content\/uploads\/2021\/07\/03-1024x772.jpeg 1024w, https:\/\/portalmovil.com.ar\/wp-content\/uploads\/2021\/07\/03-300x226.jpeg 300w, https:\/\/portalmovil.com.ar\/wp-content\/uploads\/2021\/07\/03-768x579.jpeg 768w, https:\/\/portalmovil.com.ar\/wp-content\/uploads\/2021\/07\/03.jpeg 1280w\" sizes=\"auto, (max-width: 1024px) 100vw, 1024px\" \/><\/figure>\n\n\n\n<p><br>Asimismo, tambi\u00e9n se plante\u00f3 la necesidad de impulsar proyectos culturales y de inclusi\u00f3n a personas con discapacidad.&nbsp;<br>Tras el intercambio, N\u00e9stor Sotelo destac\u00f3: \u201cEs importante que nuestros j\u00f3venes formados puedan acceder al sistema laboral, y a su vez est\u00e9n integrados dentro de las estructuras claves de desarrollo provincial. Para lograrlo, el Estado debe incentivar y crear el marco laboral necesario para incluirlos, consiguiendo de esta manera brindar servicios de calidad y posibilidades para su crecimiento\u201d.&nbsp;&nbsp;<br>Finalmente, el dirigente asegur\u00f3 que \u00abes clave tambi\u00e9n seguir acompa\u00f1ando las propuestas estructurales que viene consolidando el gobernador Jorge Capitanich para el crecimiento de la provincia, como el desarrollo del sistema ferroviario, nuevas rutas, electrificaci\u00f3n rural, fibra \u00f3ptica, nuevos puertos, y todo lo proyectado que a\u00fan resta por hacer\u00bb.<\/p>\n","protected":false},"excerpt":{"rendered":"<p>El dirigente N\u00e9stor Sotelo se reuni\u00f3 este mi\u00e9rcoles con j\u00f3venes profesionales en la sede de la CGT en Resistencia. <\/p>\n","protected":false},"author":1,"featured_media":33339,"comment_status":"open","ping_status":"open","sticky":false,"template":"","format":"standard","meta":{"_jetpack_memberships_contains_paid_content":false,"footnotes":"","jetpack_publicize_message":"","jetpack_publicize_feature_enabled":true,"jetpack_social_post_already_shared":true,"jetpack_social_options":{"image_generator_settings":{"template":"highway","default_image_id":0,"font":"","enabled":false},"version":2}},"categories":[5,14],"tags":[],"class_list":["post-33338","post","type-post","status-publish","format-standard","has-post-thumbnail","hentry","category-chaco","category-politica"],"jetpack_publicize_connections":[],"jetpack_featured_media_url":"https:\/\/portalmovil.com.ar\/wp-content\/uploads\/2021\/07\/01.jpeg","jetpack_sharing_enabled":true,"amp_enabled":true,"_links":{"self":[{"href":"https:\/\/portalmovil.com.ar\/index.php\/wp-json\/wp\/v2\/posts\/33338","targetHints":{"allow":["GET"]}}],"collection":[{"href":"https:\/\/portalmovil.com.ar\/index.php\/wp-json\/wp\/v2\/posts"}],"about":[{"href":"https:\/\/portalmovil.com.ar\/index.php\/wp-json\/wp\/v2\/types\/post"}],"author":[{"embeddable":true,"href":"https:\/\/portalmovil.com.ar\/index.php\/wp-json\/wp\/v2\/users\/1"}],"replies":[{"embeddable":true,"href":"https:\/\/portalmovil.com.ar\/index.php\/wp-json\/wp\/v2\/comments?post=33338"}],"version-history":[{"count":2,"href":"https:\/\/portalmovil.com.ar\/index.php\/wp-json\/wp\/v2\/posts\/33338\/revisions"}],"predecessor-version":[{"id":33356,"href":"https:\/\/portalmovil.com.ar\/index.php\/wp-json\/wp\/v2\/posts\/33338\/revisions\/33356"}],"wp:featuredmedia":[{"embeddable":true,"href":"https:\/\/portalmovil.com.ar\/index.php\/wp-json\/wp\/v2\/media\/33339"}],"wp:attachment":[{"href":"https:\/\/portalmovil.com.ar\/index.php\/wp-json\/wp\/v2\/media?parent=33338"}],"wp:term":[{"taxonomy":"category","embeddable":true,"href":"https:\/\/portalmovil.com.ar\/index.php\/wp-json\/wp\/v2\/categories?post=33338"},{"taxonomy":"post_tag","embeddable":true,"href":"https:\/\/portalmovil.com.ar\/index.php\/wp-json\/wp\/v2\/tags?post=33338"}],"curies":[{"name":"wp","href":"https:\/\/api.w.org\/{rel}","templated":true}]}}