{"id":3312,"date":"2020-03-12T08:38:40","date_gmt":"2020-03-12T11:38:40","guid":{"rendered":"http:\/\/portalmovil.com.ar\/?p=3312"},"modified":"2020-03-12T08:38:48","modified_gmt":"2020-03-12T11:38:48","slug":"upcp-inicio-un-nuevo-paro-por-48-horas","status":"publish","type":"post","link":"https:\/\/portalmovil.com.ar\/index.php\/2020\/03\/12\/upcp-inicio-un-nuevo-paro-por-48-horas\/","title":{"rendered":"UPCP: inici\u00f3 un nuevo paro por 48 horas"},"content":{"rendered":"\n<p>Desde hoy, el gremio inici\u00f3 una medida de fuerza sin asistencia en los lugares de trabajo.<\/p>\n\n\n\n<p>Luego de la \u00faltima reuni\u00f3n con Gobierno en el d\u00eda ayer, el gremio de UPCP decidi\u00f3 encabezar un nuevo paro por 48 horas desde este jueves. <\/p>\n\n\n\n<p>La medida de fuerza responde a la falta de propuestas concretas del Ejecutivo provincial, a los planteos realizados por la organizaci\u00f3n que conduce Jos\u00e9 Niz. <\/p>\n\n\n\n<p>Por lo tanto, el paro comenz\u00f3 esta ma\u00f1ana y sin asistencias a los lugares de trabajo, tanto en el \u00e1rea metropolitana como el interior. <\/p>\n","protected":false},"excerpt":{"rendered":"<p>Desde hoy, el gremio inici\u00f3 una medida de fuerza sin asistencia en los lugares de trabajo. Luego de la \u00faltima reuni\u00f3n con Gobierno en el d\u00eda ayer, el gremio de UPCP decidi\u00f3 encabezar un nuevo paro por 48 horas desde este jueves. La medida de fuerza responde a la falta de propuestas concretas del Ejecutivo &hellip;<\/p>\n","protected":false},"author":2,"featured_media":3313,"comment_status":"open","ping_status":"open","sticky":false,"template":"","format":"standard","meta":{"_jetpack_memberships_contains_paid_content":false,"footnotes":"","jetpack_publicize_message":"","jetpack_publicize_feature_enabled":true,"jetpack_social_post_already_shared":true,"jetpack_social_options":{"image_generator_settings":{"template":"highway","default_image_id":0,"font":"","enabled":false},"version":2}},"categories":[5],"tags":[67,196],"class_list":["post-3312","post","type-post","status-publish","format-standard","has-post-thumbnail","hentry","category-chaco","tag-educacion","tag-gremio"],"jetpack_publicize_connections":[],"jetpack_featured_media_url":"https:\/\/portalmovil.com.ar\/wp-content\/uploads\/2020\/03\/multimedia.normal.a0d8c2e0c8fe064a.757063705f6e6f726d616c2e6a7067.jpg","jetpack_sharing_enabled":true,"amp_enabled":true,"_links":{"self":[{"href":"https:\/\/portalmovil.com.ar\/index.php\/wp-json\/wp\/v2\/posts\/3312","targetHints":{"allow":["GET"]}}],"collection":[{"href":"https:\/\/portalmovil.com.ar\/index.php\/wp-json\/wp\/v2\/posts"}],"about":[{"href":"https:\/\/portalmovil.com.ar\/index.php\/wp-json\/wp\/v2\/types\/post"}],"author":[{"embeddable":true,"href":"https:\/\/portalmovil.com.ar\/index.php\/wp-json\/wp\/v2\/users\/2"}],"replies":[{"embeddable":true,"href":"https:\/\/portalmovil.com.ar\/index.php\/wp-json\/wp\/v2\/comments?post=3312"}],"version-history":[{"count":1,"href":"https:\/\/portalmovil.com.ar\/index.php\/wp-json\/wp\/v2\/posts\/3312\/revisions"}],"predecessor-version":[{"id":3314,"href":"https:\/\/portalmovil.com.ar\/index.php\/wp-json\/wp\/v2\/posts\/3312\/revisions\/3314"}],"wp:featuredmedia":[{"embeddable":true,"href":"https:\/\/portalmovil.com.ar\/index.php\/wp-json\/wp\/v2\/media\/3313"}],"wp:attachment":[{"href":"https:\/\/portalmovil.com.ar\/index.php\/wp-json\/wp\/v2\/media?parent=3312"}],"wp:term":[{"taxonomy":"category","embeddable":true,"href":"https:\/\/portalmovil.com.ar\/index.php\/wp-json\/wp\/v2\/categories?post=3312"},{"taxonomy":"post_tag","embeddable":true,"href":"https:\/\/portalmovil.com.ar\/index.php\/wp-json\/wp\/v2\/tags?post=3312"}],"curies":[{"name":"wp","href":"https:\/\/api.w.org\/{rel}","templated":true}]}}