{"id":33111,"date":"2021-07-14T09:51:03","date_gmt":"2021-07-14T12:51:03","guid":{"rendered":"https:\/\/portalmovil.com.ar\/?p=33111"},"modified":"2021-07-14T09:56:13","modified_gmt":"2021-07-14T12:56:13","slug":"el-gobierno-realiza-trabajos-de-mejoramiento-integral-en-el-barrio-primavera","status":"publish","type":"post","link":"https:\/\/portalmovil.com.ar\/index.php\/2021\/07\/14\/el-gobierno-realiza-trabajos-de-mejoramiento-integral-en-el-barrio-primavera\/","title":{"rendered":"El Gobierno realiza trabajos de mejoramiento integral en el Barrio Primavera"},"content":{"rendered":"\n<p>Con la colaboraci\u00f3n de vecinos y vecinas, el equipo de Ordenamiento Territorial y el Equipo H\u00e1bitat de la Secretar\u00eda de Desarrollo Territorial y Ambiente conjuntamente con Secheep, realizan tareas de corrimientos de tejidos y delimitaci\u00f3n de la l\u00ednea municipal.<\/p>\n\n\n\n<figure class=\"wp-block-image\"><img decoding=\"async\" src=\"https:\/\/comunicacion.chaco.gov.ar\/gen_multimedia\/imagen\/153735\/850\/550\/center\/852cc4cb0c28c02396b2abcaadee76fa.jpg\" alt=\"852cc4cb0c28c02396b2abcaadee76fa\"\/><\/figure>\n\n\n\n<p>Buscando incluir a la trama urbana de Resistencia a la barriada, el Gobierno provincial, a trav\u00e9s de un trabajo en conjunto entre la Secretar\u00eda de Desarrollo Territorial y Ambiente y Secheep, realizan tareas de corrimientos de l\u00edneas energ\u00e9ticas, para avanzar con las conexiones de redes el\u00e9ctricas y la consolidaci\u00f3n vial del barrio La Primavera. Adem\u00e1s, las cuadrillas del Equipo H\u00e1bitat y de Ordenamiento Territorial ejecutan el corrimiento de tejidos y delimitaci\u00f3n de la l\u00ednea municipal.<\/p>\n\n\n\n<p>A partir de un pedido de los vecinos y vecinas del barrio porque los cables estaban muy bajos, se realiz\u00f3 junto con Secheep un trabajo de establecimiento de la l\u00ednea municipal para que la empresa pueda colocar los postes y posteriormente subir el cableado; as\u00ed lo explic\u00f3 la t\u00e9cnica de la Subsecretar\u00eda de Ordenamiento Territorial Fernanda Chaves.<\/p>\n\n\n\n<p>\u201cPara esto fue necesario la realizaci\u00f3n de mensura, marcaci\u00f3n de los l\u00edmites de manzana y calle, y fue necesario realizar el corrimiento de algunos tejidos. En este sentido trabajamos junto a los vecinos, con su participaci\u00f3n y colaboraci\u00f3n y con el Equipo H\u00e1bitat, que son quienes ejecutaron los trabajos\u201d, detall\u00f3.<\/p>\n\n\n\n<p>El trabajo m\u00e1s inmediato es el establecimiento de la l\u00ednea municipal, lo que va a permitir establecer el espacio p\u00fablico y delimitar las veredas y calles. \u201cEn instancias posteriores las acciones van a consistir en materializar la vereda y obras complementarias que mejorar\u00e1n la circulaci\u00f3n peatonal y la accesibilidad del barrio, conect\u00e1ndolo con el resto de la trama urbana de la ciudad\u201d, concluy\u00f3.<\/p>\n\n\n\n<p><strong>Un barrio m\u00e1s lindo, una comunidad conforme<\/strong><\/p>\n\n\n\n<p>Tania Aguirre, vecina del barrio Primavera, coment\u00f3 que estar\u00eda bueno tener en el barrio toda la vereda. \u201cVa a estar m\u00e1s lindo el barrio y de a poquito se va a ir haciendo; pero bueno, con la vereda ya empezamos y despu\u00e9s vendr\u00e1 la luz, que es lo que hace falta para el verano\u201d, expres\u00f3.<\/p>\n\n\n\n<p>\u201cEstamos conformes con los trabajos y nos sorprende lo r\u00e1pido\u201d, finaliz\u00f3.<\/p>\n","protected":false},"excerpt":{"rendered":"<p>Con la colaboraci\u00f3n de vecinos y vecinas, el equipo de Ordenamiento Territorial y el Equipo H\u00e1bitat de la Secretar\u00eda de Desarrollo Territorial y Ambiente conjuntamente con Secheep, realizan tareas de corrimientos de tejidos y delimitaci\u00f3n de la l\u00ednea municipal. Buscando incluir a la trama urbana de Resistencia a la barriada, el Gobierno provincial, a trav\u00e9s &hellip;<\/p>\n","protected":false},"author":2,"featured_media":33115,"comment_status":"open","ping_status":"open","sticky":false,"template":"","format":"standard","meta":{"_jetpack_memberships_contains_paid_content":false,"footnotes":"","jetpack_publicize_message":"","jetpack_publicize_feature_enabled":true,"jetpack_social_post_already_shared":true,"jetpack_social_options":{"image_generator_settings":{"template":"highway","default_image_id":0,"font":"","enabled":false},"version":2}},"categories":[37,3],"tags":[],"class_list":["post-33111","post","type-post","status-publish","format-standard","has-post-thumbnail","hentry","category-resistencia","category-sociedad"],"jetpack_publicize_connections":[],"jetpack_featured_media_url":"https:\/\/portalmovil.com.ar\/wp-content\/uploads\/2021\/07\/52ed459ca158a1a87d33f85d69c8a31f.jpg","jetpack_sharing_enabled":true,"amp_enabled":true,"_links":{"self":[{"href":"https:\/\/portalmovil.com.ar\/index.php\/wp-json\/wp\/v2\/posts\/33111","targetHints":{"allow":["GET"]}}],"collection":[{"href":"https:\/\/portalmovil.com.ar\/index.php\/wp-json\/wp\/v2\/posts"}],"about":[{"href":"https:\/\/portalmovil.com.ar\/index.php\/wp-json\/wp\/v2\/types\/post"}],"author":[{"embeddable":true,"href":"https:\/\/portalmovil.com.ar\/index.php\/wp-json\/wp\/v2\/users\/2"}],"replies":[{"embeddable":true,"href":"https:\/\/portalmovil.com.ar\/index.php\/wp-json\/wp\/v2\/comments?post=33111"}],"version-history":[{"count":1,"href":"https:\/\/portalmovil.com.ar\/index.php\/wp-json\/wp\/v2\/posts\/33111\/revisions"}],"predecessor-version":[{"id":33113,"href":"https:\/\/portalmovil.com.ar\/index.php\/wp-json\/wp\/v2\/posts\/33111\/revisions\/33113"}],"wp:featuredmedia":[{"embeddable":true,"href":"https:\/\/portalmovil.com.ar\/index.php\/wp-json\/wp\/v2\/media\/33115"}],"wp:attachment":[{"href":"https:\/\/portalmovil.com.ar\/index.php\/wp-json\/wp\/v2\/media?parent=33111"}],"wp:term":[{"taxonomy":"category","embeddable":true,"href":"https:\/\/portalmovil.com.ar\/index.php\/wp-json\/wp\/v2\/categories?post=33111"},{"taxonomy":"post_tag","embeddable":true,"href":"https:\/\/portalmovil.com.ar\/index.php\/wp-json\/wp\/v2\/tags?post=33111"}],"curies":[{"name":"wp","href":"https:\/\/api.w.org\/{rel}","templated":true}]}}