{"id":33039,"date":"2021-07-13T20:08:00","date_gmt":"2021-07-13T23:08:00","guid":{"rendered":"https:\/\/portalmovil.com.ar\/?p=33039"},"modified":"2021-07-13T20:08:04","modified_gmt":"2021-07-13T23:08:04","slug":"definen-detalles-para-las-elecciones-de-autoridades-en-el-idach","status":"publish","type":"post","link":"https:\/\/portalmovil.com.ar\/index.php\/2021\/07\/13\/definen-detalles-para-las-elecciones-de-autoridades-en-el-idach\/","title":{"rendered":"Definen detalles para las elecciones de autoridades en el IDACH"},"content":{"rendered":"\n<p>El ministro de Gobierno y Trabajo, Juan Manuel Chapo, junto a los subsecretarios Ra\u00fal Bittel (Gobierno) y Sof\u00eda Dimitroff (Atenci\u00f3n y Acceso al Sistema de Salud), participaron de una reuni\u00f3n con la Junta Electoral del Instituto del Aborigen Chaque\u00f1o, con el objetivo de ahondar detalles para la elecci\u00f3n de autoridades de la entidad, que se realizar\u00e1n el venidero 18 de julio.<\/p>\n\n\n\n<p>Durante el encuentro analizaron los protocolos que se aplicar\u00e1n para llevar adelante el escrutinio. Para la jornada electoral habr\u00e1 33.386 electores, y el acto eleccionario tendr\u00e1 lugar en 146 mesas distribuidas en 59 escuelas de 30 localidades.<\/p>\n\n\n\n<p>\u201cEste proceso ha sido muy importante y excepcional por la situaci\u00f3n de la pandemia y toda la pr\u00f3rroga de la elecci\u00f3n. Estamos a la fecha estipulada; quiero destacar el trabajo que todos los sectores han realizado para llegar a esta instancia\u201d indic\u00f3 el ministro Chapo.<\/p>\n\n\n\n<p>Por otra parte, el interventor agreg\u00f3 \u201cesto es en un marco de paz entre todos los sectores sin ning\u00fan tipo de conflictividad y eso es lo m\u00e1s destacable todo. Vamos a garantizar que el pr\u00f3ximo 2 de agosto est\u00e9 asumiendo el que sea electo por la voluntad popular de los pueblos originarios\u201d.<\/p>\n\n\n\n<p>Finalmente, Bittel sostuvo: \u201cEste es un proceso ejemplar en cuanto al tribunal y la junta electoral del IDACH y la participaci\u00f3n del administrador actual. Esperamos que este proceso se desarrolle con much\u00edsima transparencia, como lo hizo durante toda la previa\u201d.<\/p>\n","protected":false},"excerpt":{"rendered":"<p>El ministro de Gobierno y Trabajo, Juan Manuel Chapo, junto a los subsecretarios Ra\u00fal Bittel (Gobierno) y Sof\u00eda Dimitroff (Atenci\u00f3n y Acceso al Sistema de Salud), participaron de una reuni\u00f3n con la Junta Electoral del Instituto del Aborigen Chaque\u00f1o, con el objetivo de ahondar detalles para la elecci\u00f3n de autoridades de la entidad, que se &hellip;<\/p>\n","protected":false},"author":2,"featured_media":33040,"comment_status":"open","ping_status":"open","sticky":false,"template":"","format":"standard","meta":{"_jetpack_memberships_contains_paid_content":false,"footnotes":"","jetpack_publicize_message":"","jetpack_publicize_feature_enabled":true,"jetpack_social_post_already_shared":true,"jetpack_social_options":{"image_generator_settings":{"template":"highway","default_image_id":0,"font":"","enabled":false},"version":2}},"categories":[5,14],"tags":[],"class_list":["post-33039","post","type-post","status-publish","format-standard","has-post-thumbnail","hentry","category-chaco","category-politica"],"jetpack_publicize_connections":[],"jetpack_featured_media_url":"https:\/\/portalmovil.com.ar\/wp-content\/uploads\/2021\/07\/e6e5972ad0ab662f0dc1f260e2cd9852.jpg","jetpack_sharing_enabled":true,"amp_enabled":true,"_links":{"self":[{"href":"https:\/\/portalmovil.com.ar\/index.php\/wp-json\/wp\/v2\/posts\/33039","targetHints":{"allow":["GET"]}}],"collection":[{"href":"https:\/\/portalmovil.com.ar\/index.php\/wp-json\/wp\/v2\/posts"}],"about":[{"href":"https:\/\/portalmovil.com.ar\/index.php\/wp-json\/wp\/v2\/types\/post"}],"author":[{"embeddable":true,"href":"https:\/\/portalmovil.com.ar\/index.php\/wp-json\/wp\/v2\/users\/2"}],"replies":[{"embeddable":true,"href":"https:\/\/portalmovil.com.ar\/index.php\/wp-json\/wp\/v2\/comments?post=33039"}],"version-history":[{"count":1,"href":"https:\/\/portalmovil.com.ar\/index.php\/wp-json\/wp\/v2\/posts\/33039\/revisions"}],"predecessor-version":[{"id":33041,"href":"https:\/\/portalmovil.com.ar\/index.php\/wp-json\/wp\/v2\/posts\/33039\/revisions\/33041"}],"wp:featuredmedia":[{"embeddable":true,"href":"https:\/\/portalmovil.com.ar\/index.php\/wp-json\/wp\/v2\/media\/33040"}],"wp:attachment":[{"href":"https:\/\/portalmovil.com.ar\/index.php\/wp-json\/wp\/v2\/media?parent=33039"}],"wp:term":[{"taxonomy":"category","embeddable":true,"href":"https:\/\/portalmovil.com.ar\/index.php\/wp-json\/wp\/v2\/categories?post=33039"},{"taxonomy":"post_tag","embeddable":true,"href":"https:\/\/portalmovil.com.ar\/index.php\/wp-json\/wp\/v2\/tags?post=33039"}],"curies":[{"name":"wp","href":"https:\/\/api.w.org\/{rel}","templated":true}]}}