{"id":32945,"date":"2021-07-13T09:31:13","date_gmt":"2021-07-13T12:31:13","guid":{"rendered":"https:\/\/portalmovil.com.ar\/?p=32945"},"modified":"2021-07-13T09:31:16","modified_gmt":"2021-07-13T12:31:16","slug":"alberto-fernandez-tenemos-un-problema-claro-con-la-inflacion-que-estamos-tratando-de-controlar","status":"publish","type":"post","link":"https:\/\/portalmovil.com.ar\/index.php\/2021\/07\/13\/alberto-fernandez-tenemos-un-problema-claro-con-la-inflacion-que-estamos-tratando-de-controlar\/","title":{"rendered":"Alberto Fern\u00e1ndez: \u00abTenemos un problema claro con la inflaci\u00f3n que estamos tratando de controlar\u00bb"},"content":{"rendered":"\n<p>El presidente Alberto Fern\u00e1ndez sostuvo el lunes que el pa\u00eds tiene un \u00abproblema claro con la inflaci\u00f3n\u00bb, pero se\u00f1al\u00f3 que el Gobierno est\u00e1 tratando de \u00abcontrolar\u00bb el alza de precios y advirti\u00f3 que \u00abla econom\u00eda \u00abempieza a funcionar mejor y el empleo empieza a recuperarse\u00bb.<\/p>\n\n\n\n<p>Fern\u00e1ndez plante\u00f3 que es \u00abmuy dif\u00edcil\u00bb atacar la inflaci\u00f3n porque \u00aben Argentina hay un oligopolio que maneja la industria alimenticia, que es un marcador de precios y es muy dif\u00edcil de controlar\u00bb, aunque asegur\u00f3 -en declaraciones a Radio 10- que la administraci\u00f3n a su cargo \u00absigue con esa pelea\u00bb.<\/p>\n\n\n\n<p>La inflaci\u00f3n interanual de junio podr\u00eda alcanzar por primera vez el 50% en los \u00faltimos diecis\u00e9is meses y retornar\u00eda a niveles similares a los de los \u00faltimos meses de la Presidencia de Mauricio Macri, luego de la baja que hab\u00eda experimentado en los primeros meses de la pandemia de coronavirus.<\/p>\n\n\n\n<p>La informaci\u00f3n fue dada a conocer por la Fundaci\u00f3n Libertad y Progreso (LyP), en un reporte en el que tambi\u00e9n destaca que el fen\u00f3meno viene de varios a\u00f1os de arrastre, al punto que en la \u00faltima d\u00e9cada el alza de precios minoristas fue del 1.936,2%, superando ampliamente a todos los pa\u00edses de Am\u00e9rica del Sur, con excepci\u00f3n de Venezuela.<\/p>\n\n\n\n<p>Asimismo, Fern\u00e1ndez sostuvo anoche que \u00abhay datos interesantes que dicen que la econom\u00eda se empieza a mover\u00bb. Y remarc\u00f3 que si se comparan las cifras actuales de la industria automotriz \u00abcon julio de 2019, cuando no hab\u00eda pandemia, el aumento es del 67%\u00bb, mientras que \u00abel despacho de cemento contra julio de 2019, aument\u00f3 el 12%.<\/p>\n\n\n\n<p>Tambi\u00e9n dijo que se llevan \u00ab12 meses de creaci\u00f3n de empleo formal\u00bb, por lo que se\u00f1al\u00f3 que todo esos datos implican \u00abun proceso donde la econom\u00eda empieza a funcionar de nuevo\u00bb. \u00abCon todo lo que est\u00e1 pasando, la Argentina est\u00e1 creciendo\u00bb, plante\u00f3 Fern\u00e1ndez.<\/p>\n\n\n\n<p>Por su parte, LyP se\u00f1al\u00f3 que Uruguay, el segundo pa\u00eds con m\u00e1s inflaci\u00f3n de la regi\u00f3n, tuvo un acumulado del 120,8%, es decir diecis\u00e9is veces menos que la Argentina, en tanto Ecuador, el de mejor desempe\u00f1o, acumul\u00f3 en 10 a\u00f1os un 18,5%, 104 veces menos.<\/p>\n\n\n\n<p>El aumento de la inflaci\u00f3n interanual coincide con una leve desaceleraci\u00f3n de la mensual, ya que tras el 3,3% de mayo se prev\u00e9 para junio un alza del 3%, si bien habr\u00e1 que esperar hasta el jueves 15 de julio para que el Instituto Nacional de Estad\u00edstica y Censos (INDEC) difunda las cifras oficiales.<\/p>\n\n\n\n<p>Como el junio de 2020 la inflaci\u00f3n fue de 2,2%, el acumulado de los \u00faltimos doce meses seguir\u00e1 la tendencia ascendente de los \u00faltimos meses y se podr\u00eda alcanzar el 50% interanual por primera vez desde febrero del a\u00f1o pasado, antes de la irrupci\u00f3n de la pandemia y la implementaci\u00f3n del Aislamiento Social, Preventivo y Obligatorio (ASPO).<\/p>\n\n\n\n<p>LyP destac\u00f3 que en el primer semestre \u201cla inflaci\u00f3n acumulada fue del 25,1% mientras que en t\u00e9rminos anuales fue del 50%\u201d. \u201cEstos n\u00fameros inflacionarios son muy perjudiciales para cualquier econom\u00eda\u201d, remarc\u00f3, adem\u00e1s de se\u00f1alar que las soluciones tomadas en la Argentina no guardan relaci\u00f3n con las del resto del mundo, en el que \u201cla gran mayor\u00eda de los pa\u00edses prefieren hacer esfuerzos de corto plazo para mantener niveles bajos de inflaci\u00f3n, ya que el costo de una inflaci\u00f3n alta es mayor a hacer dichos esfuerzos\u201d.<\/p>\n\n\n\n<p>Para dejar en claro que el problema no es espec\u00edfico del actual gobierno del presidente Alberto Fern\u00e1ndez y, por el contrario, abarca tambi\u00e9n a las gestiones anteriores, LyP destac\u00f3 que \u201csi comparamos la inflaci\u00f3n acumulada de los \u00faltimos diez a\u00f1os de los pa\u00edses de la regi\u00f3n, excepto Venezuela, Argentina lidera la tabla c\u00f3modamente con una inflaci\u00f3n de 1.936%, mientras que Uruguay, el segundo de la tabla, acumula 120,8% en 10 a\u00f1os\u201d, en tanto en el otro extremo, \u201cEcuador acumula apenas 18,5% en ese per\u00edodo\u201d.<\/p>\n\n\n\n<p>Por otra parte, la entidad recomend\u00f3 un an\u00e1lisis m\u00e1s detallado de la inflaci\u00f3n en la Argentina a la luz del congelamiento de tarifas, que configura un \u00edndice global con marcadas diferencias entre los rubros que lo componen.<\/p>\n\n\n\n<p>En ese sentido, subray\u00f3 que \u201cdesde septiembre del 2018 que el rubro Alimentos y bebidas crece por encima del IPC general en t\u00e9rminos interanuales\u201d y que \u201cen 8 de los \u00faltimos 12 meses la evoluci\u00f3n del nivel de precios del rubro Alimentos y bebidas se increment\u00f3 por encima del \u00edndice general\u201d.<\/p>\n\n\n\n<p>Al respecto, se\u00f1al\u00f3 que si bien en mayo se registr\u00f3 una suba de alimentos menor al \u00edndice general en t\u00e9rminos mensuales (3,1% vs 3,3%), en junio los alimentos superaron al \u00edndice general (3,3% vs 3%) y tuvo un aporte de 0,8 punto porcentual en el n\u00famero final.<\/p>\n\n\n\n<p>La inflaci\u00f3n se mantuvo en los \u00faltimos quince a\u00f1os en niveles promedio del 25% anual, con algunas bajas como las de 2009 y repuntes como los de 2014, pero a partir de la segunda mitad de 2018 tuvo un ascenso a niveles interanuales de m\u00e1s del 40%, luego del inicio del proceso devaluatorio de abril de ese a\u00f1o.<\/p>\n\n\n\n<p>En los doce meses que transcurrieron entre febrero de 2019 y el mismo mes de 2020, la inflaci\u00f3n interanual se manto invariablemente en niveles superiores al 50%, con un m\u00e1ximo de 57,3% en mayo de 2019.<\/p>\n\n\n\n<p>Desde marzo de 2020 (inicio de la pandemia y el ASPO) hasta agosto del mismo a\u00f1o, hubo un descenso a niveles ubicados entre el 40% y el 50%, mientras que en los cinco meses que van de septiembre de 2020 a enero de 2021 se consigui\u00f3 perforar el piso del 40%, al que se retorn\u00f3 en febrero, hasta llegar al 48,8% de mayo.<\/p>\n","protected":false},"excerpt":{"rendered":"<p>El presidente Alberto Fern\u00e1ndez sostuvo el lunes que el pa\u00eds tiene un \u00abproblema claro con la inflaci\u00f3n\u00bb, pero se\u00f1al\u00f3 que el Gobierno est\u00e1 tratando de \u00abcontrolar\u00bb el alza de precios y advirti\u00f3 que \u00abla econom\u00eda \u00abempieza a funcionar mejor y el empleo empieza a recuperarse\u00bb. Fern\u00e1ndez plante\u00f3 que es \u00abmuy dif\u00edcil\u00bb atacar la inflaci\u00f3n porque &hellip;<\/p>\n","protected":false},"author":2,"featured_media":20226,"comment_status":"open","ping_status":"open","sticky":false,"template":"","format":"standard","meta":{"_jetpack_memberships_contains_paid_content":false,"footnotes":"","jetpack_publicize_message":"","jetpack_publicize_feature_enabled":true,"jetpack_social_post_already_shared":true,"jetpack_social_options":{"image_generator_settings":{"template":"highway","default_image_id":0,"font":"","enabled":false},"version":2}},"categories":[639,175],"tags":[],"class_list":["post-32945","post","type-post","status-publish","format-standard","has-post-thumbnail","hentry","category-argentina","category-economia"],"jetpack_publicize_connections":[],"jetpack_featured_media_url":"https:\/\/portalmovil.com.ar\/wp-content\/uploads\/2021\/02\/precios_maximos_supermercado_lavoz_1612438544.jpg","jetpack_sharing_enabled":true,"amp_enabled":true,"_links":{"self":[{"href":"https:\/\/portalmovil.com.ar\/index.php\/wp-json\/wp\/v2\/posts\/32945","targetHints":{"allow":["GET"]}}],"collection":[{"href":"https:\/\/portalmovil.com.ar\/index.php\/wp-json\/wp\/v2\/posts"}],"about":[{"href":"https:\/\/portalmovil.com.ar\/index.php\/wp-json\/wp\/v2\/types\/post"}],"author":[{"embeddable":true,"href":"https:\/\/portalmovil.com.ar\/index.php\/wp-json\/wp\/v2\/users\/2"}],"replies":[{"embeddable":true,"href":"https:\/\/portalmovil.com.ar\/index.php\/wp-json\/wp\/v2\/comments?post=32945"}],"version-history":[{"count":1,"href":"https:\/\/portalmovil.com.ar\/index.php\/wp-json\/wp\/v2\/posts\/32945\/revisions"}],"predecessor-version":[{"id":32946,"href":"https:\/\/portalmovil.com.ar\/index.php\/wp-json\/wp\/v2\/posts\/32945\/revisions\/32946"}],"wp:featuredmedia":[{"embeddable":true,"href":"https:\/\/portalmovil.com.ar\/index.php\/wp-json\/wp\/v2\/media\/20226"}],"wp:attachment":[{"href":"https:\/\/portalmovil.com.ar\/index.php\/wp-json\/wp\/v2\/media?parent=32945"}],"wp:term":[{"taxonomy":"category","embeddable":true,"href":"https:\/\/portalmovil.com.ar\/index.php\/wp-json\/wp\/v2\/categories?post=32945"},{"taxonomy":"post_tag","embeddable":true,"href":"https:\/\/portalmovil.com.ar\/index.php\/wp-json\/wp\/v2\/tags?post=32945"}],"curies":[{"name":"wp","href":"https:\/\/api.w.org\/{rel}","templated":true}]}}