{"id":32805,"date":"2021-07-12T09:55:48","date_gmt":"2021-07-12T12:55:48","guid":{"rendered":"https:\/\/portalmovil.com.ar\/?p=32805"},"modified":"2021-07-12T09:55:51","modified_gmt":"2021-07-12T12:55:51","slug":"corrientes-se-cree-dejo-solo-a-su-hijo-de-3-anos-para-ir-festejar","status":"publish","type":"post","link":"https:\/\/portalmovil.com.ar\/index.php\/2021\/07\/12\/corrientes-se-cree-dejo-solo-a-su-hijo-de-3-anos-para-ir-festejar\/","title":{"rendered":"Corrientes: Se cree dej\u00f3 s\u00f3lo a su hijo de 3 a\u00f1os para ir festejar"},"content":{"rendered":"\n<p>Fue rescatado por personal de la Comisar\u00eda Tercera, y llevado al Hogar T\u00eda Amanda hasta tanto de resuelva bajo el cuidado de qui\u00e9n quedar\u00e1. A la mujer se le inici\u00f3 una causa por abandono de persona.<\/p>\n\n\n\n<p>Este domingo por la ma\u00f1ana, un ni\u00f1o de 3 a\u00f1os fue hallado en un departamento en Corrientes Capital, solo, con hambre y en ropa interior. \u00abDe acuerdo con el relato de los vecinos, hac\u00eda m\u00e1s de 24 horas que se encontraba llorando\u00bb pidiendo por su mam\u00e1, inform\u00f3 el Diario El Litoral.<\/p>\n\n\n\n<p>&nbsp;Horas despu\u00e9s del rescate, se present\u00f3 la madre del menor, una joven de 21 a\u00f1os, en la Comisar\u00eda Tercera, donde se encontraba resguardado el ni\u00f1o. Dijo que hab\u00eda salido a trabajar a la madrugada y que lo hab\u00eda dejado al cuidado de otra mujer. No obstante, tambi\u00e9n trascendieron versiones que afirman que la mujer habr\u00eda salido a festejar el triunfo de la Selecci\u00f3n Argentina en la Copa Am\u00e9rica.<\/p>\n\n\n\n<p>&nbsp;Por orden de la fiscal de turno, a la mujer se le inici\u00f3 una causa por abandono de persona y por directivas de la Justicia el menor fue trasladado al Hogar T\u00eda Amanda hasta tanto de resuelva bajo el cuidado de qui\u00e9n quedar\u00e1.<\/p>\n\n\n\n<p>Unos vecinos de un edificio de departamentos ubicado por calle Santa Fe al 1400 llamaron al 911 alrededor de las 9 de la ma\u00f1ana, denunciando que en uno de los inmuebles un ni\u00f1o lloraba pidiendo por su mam\u00e1. Personal de la Comisar\u00eda Tercera de la Capital se dirigi\u00f3 al lugar y confirm\u00f3 que adentro un ni\u00f1o peque\u00f1o lloraba desconsoladamente. Los agentes pudieron calmarlo charlando con \u00e9l a trav\u00e9s de la puerta.<\/p>\n\n\n\n<p>Cuando lograron abrir la puerta, con ayuda de un cerrajero, se encontraron con el peque\u00f1o descalzo y en pa\u00f1os menores. Seg\u00fan la due\u00f1a del inmueble dijo que al departamento lo alquilaban dos mujeres y un ni\u00f1o, el peque\u00f1o estaba solo.<\/p>\n\n\n\n<p>Inmediatamente fue contenido por el personal policial de la Comisar\u00eda de la Mujer y el Menor que lo alzaron en brazos y con la ayuda de unos vecinos le dieron un vaso de leche. El ni\u00f1o luego fue llevado en resguardo a la Comisar\u00eda Tercera, y alrededor de las 11 horas de la ma\u00f1ana se present\u00f3 la joven de 21 a\u00f1os que acredit\u00f3 ser su madre.<\/p>\n\n\n\n<p>Imagen ilustrativa.<\/p>\n","protected":false},"excerpt":{"rendered":"<p>Fue rescatado por personal de la Comisar\u00eda Tercera, y llevado al Hogar T\u00eda Amanda hasta tanto de resuelva bajo el cuidado de qui\u00e9n quedar\u00e1. A la mujer se le inici\u00f3 una causa por abandono de persona. Este domingo por la ma\u00f1ana, un ni\u00f1o de 3 a\u00f1os fue hallado en un departamento en Corrientes Capital, solo, &hellip;<\/p>\n","protected":false},"author":2,"featured_media":32806,"comment_status":"open","ping_status":"open","sticky":false,"template":"","format":"standard","meta":{"_jetpack_memberships_contains_paid_content":false,"footnotes":"","jetpack_publicize_message":"","jetpack_publicize_feature_enabled":true,"jetpack_social_post_already_shared":true,"jetpack_social_options":{"image_generator_settings":{"template":"highway","default_image_id":0,"font":"","enabled":false},"version":2}},"categories":[639,8],"tags":[],"class_list":["post-32805","post","type-post","status-publish","format-standard","has-post-thumbnail","hentry","category-argentina","category-policiales"],"jetpack_publicize_connections":[],"jetpack_featured_media_url":"https:\/\/portalmovil.com.ar\/wp-content\/uploads\/2021\/07\/unnamed-1.jpg","jetpack_sharing_enabled":true,"amp_enabled":true,"_links":{"self":[{"href":"https:\/\/portalmovil.com.ar\/index.php\/wp-json\/wp\/v2\/posts\/32805","targetHints":{"allow":["GET"]}}],"collection":[{"href":"https:\/\/portalmovil.com.ar\/index.php\/wp-json\/wp\/v2\/posts"}],"about":[{"href":"https:\/\/portalmovil.com.ar\/index.php\/wp-json\/wp\/v2\/types\/post"}],"author":[{"embeddable":true,"href":"https:\/\/portalmovil.com.ar\/index.php\/wp-json\/wp\/v2\/users\/2"}],"replies":[{"embeddable":true,"href":"https:\/\/portalmovil.com.ar\/index.php\/wp-json\/wp\/v2\/comments?post=32805"}],"version-history":[{"count":1,"href":"https:\/\/portalmovil.com.ar\/index.php\/wp-json\/wp\/v2\/posts\/32805\/revisions"}],"predecessor-version":[{"id":32807,"href":"https:\/\/portalmovil.com.ar\/index.php\/wp-json\/wp\/v2\/posts\/32805\/revisions\/32807"}],"wp:featuredmedia":[{"embeddable":true,"href":"https:\/\/portalmovil.com.ar\/index.php\/wp-json\/wp\/v2\/media\/32806"}],"wp:attachment":[{"href":"https:\/\/portalmovil.com.ar\/index.php\/wp-json\/wp\/v2\/media?parent=32805"}],"wp:term":[{"taxonomy":"category","embeddable":true,"href":"https:\/\/portalmovil.com.ar\/index.php\/wp-json\/wp\/v2\/categories?post=32805"},{"taxonomy":"post_tag","embeddable":true,"href":"https:\/\/portalmovil.com.ar\/index.php\/wp-json\/wp\/v2\/tags?post=32805"}],"curies":[{"name":"wp","href":"https:\/\/api.w.org\/{rel}","templated":true}]}}