{"id":32796,"date":"2021-07-12T09:19:57","date_gmt":"2021-07-12T12:19:57","guid":{"rendered":"https:\/\/portalmovil.com.ar\/?p=32796"},"modified":"2021-07-12T09:20:00","modified_gmt":"2021-07-12T12:20:00","slug":"le-robo-el-celular-a-la-chica-con-la-que-mantuvo-una-cita","status":"publish","type":"post","link":"https:\/\/portalmovil.com.ar\/index.php\/2021\/07\/12\/le-robo-el-celular-a-la-chica-con-la-que-mantuvo-una-cita\/","title":{"rendered":"Le rob\u00f3 el celular a la chica con la que mantuvo una cita"},"content":{"rendered":"\n<p>Se trata de un joven de 20 a\u00f1os, quien sustrajo el m\u00f3vil telef\u00f3nico a una adolescente de 17 a\u00f1os con quien se encontraba. Ocurri\u00f3 en Presidencia de la Plaza.<\/p>\n\n\n\n<p>La joven y el presunto ladr\u00f3n coordinaron encontrarse en la estaci\u00f3n de servicio ubicada en la localidad. Al sacar su tel\u00e9fono para contestar un mensaje, su acompa\u00f1ante mediante el uso de la fuerza se apropio del celular y se dio a la fuga.<\/p>\n\n\n\n<p>La menor hab\u00eda llegado en la jornada del viernes a la localidad a visitar a su madre y luego pasar un rato con amigos, como asimismo con intenciones de tener una cita con un joven que ella conoc\u00eda por Facebook.<\/p>\n\n\n\n<p>Cerca de la medianoche, al estar junto al ciudadano en la estaci\u00f3n de servicio, extrajo su tel\u00e9fono para responder un mensaje, situaci\u00f3n que fue aprovechada por el sujeto, quien la tomo de las manos y se llev\u00f3 el aparato.<\/p>\n\n\n\n<p>Un patrullero que pasaba por las inmediaciones, socorri\u00f3 a la victima en primera instancia y luego sigui\u00f3 al individuo, quien fue detenido en un monte cercano.<\/p>\n\n\n\n<p>Luego de ello, el detenido fue llevado a la unidad y notificado de las actuaciones judiciales por \u201cSupuesto Robo con Violencia en las Personas\u201d. La madre de la damnificada radico la denuncia por el hecho.<\/p>\n","protected":false},"excerpt":{"rendered":"<p>Se trata de un joven de 20 a\u00f1os, quien sustrajo el m\u00f3vil telef\u00f3nico a una adolescente de 17 a\u00f1os con quien se encontraba. Ocurri\u00f3 en Presidencia de la Plaza. La joven y el presunto ladr\u00f3n coordinaron encontrarse en la estaci\u00f3n de servicio ubicada en la localidad. Al sacar su tel\u00e9fono para contestar un mensaje, su &hellip;<\/p>\n","protected":false},"author":2,"featured_media":18991,"comment_status":"open","ping_status":"open","sticky":false,"template":"","format":"standard","meta":{"_jetpack_memberships_contains_paid_content":false,"footnotes":"","jetpack_publicize_message":"","jetpack_publicize_feature_enabled":true,"jetpack_social_post_already_shared":true,"jetpack_social_options":{"image_generator_settings":{"template":"highway","default_image_id":0,"font":"","enabled":false},"version":2}},"categories":[42,8],"tags":[],"class_list":["post-32796","post","type-post","status-publish","format-standard","has-post-thumbnail","hentry","category-interior","category-policiales"],"jetpack_publicize_connections":[],"jetpack_featured_media_url":"https:\/\/portalmovil.com.ar\/wp-content\/uploads\/2021\/01\/IMG-20200824-WA0035.jpg","jetpack_sharing_enabled":true,"amp_enabled":true,"_links":{"self":[{"href":"https:\/\/portalmovil.com.ar\/index.php\/wp-json\/wp\/v2\/posts\/32796","targetHints":{"allow":["GET"]}}],"collection":[{"href":"https:\/\/portalmovil.com.ar\/index.php\/wp-json\/wp\/v2\/posts"}],"about":[{"href":"https:\/\/portalmovil.com.ar\/index.php\/wp-json\/wp\/v2\/types\/post"}],"author":[{"embeddable":true,"href":"https:\/\/portalmovil.com.ar\/index.php\/wp-json\/wp\/v2\/users\/2"}],"replies":[{"embeddable":true,"href":"https:\/\/portalmovil.com.ar\/index.php\/wp-json\/wp\/v2\/comments?post=32796"}],"version-history":[{"count":1,"href":"https:\/\/portalmovil.com.ar\/index.php\/wp-json\/wp\/v2\/posts\/32796\/revisions"}],"predecessor-version":[{"id":32797,"href":"https:\/\/portalmovil.com.ar\/index.php\/wp-json\/wp\/v2\/posts\/32796\/revisions\/32797"}],"wp:featuredmedia":[{"embeddable":true,"href":"https:\/\/portalmovil.com.ar\/index.php\/wp-json\/wp\/v2\/media\/18991"}],"wp:attachment":[{"href":"https:\/\/portalmovil.com.ar\/index.php\/wp-json\/wp\/v2\/media?parent=32796"}],"wp:term":[{"taxonomy":"category","embeddable":true,"href":"https:\/\/portalmovil.com.ar\/index.php\/wp-json\/wp\/v2\/categories?post=32796"},{"taxonomy":"post_tag","embeddable":true,"href":"https:\/\/portalmovil.com.ar\/index.php\/wp-json\/wp\/v2\/tags?post=32796"}],"curies":[{"name":"wp","href":"https:\/\/api.w.org\/{rel}","templated":true}]}}