{"id":3278,"date":"2020-03-11T18:43:15","date_gmt":"2020-03-11T21:43:15","guid":{"rendered":"http:\/\/portalmovil.com.ar\/?p=3278"},"modified":"2020-03-11T19:03:25","modified_gmt":"2020-03-11T22:03:25","slug":"resistencia-la-universidad-de-la-cuenca-del-plata-suspendio-las-clases-por-un-caso-sospechoso-de-coronavirus","status":"publish","type":"post","link":"https:\/\/portalmovil.com.ar\/index.php\/2020\/03\/11\/resistencia-la-universidad-de-la-cuenca-del-plata-suspendio-las-clases-por-un-caso-sospechoso-de-coronavirus\/","title":{"rendered":"Resistencia: la Universidad de la Cuenca del Plata suspendi\u00f3 las clases por un \u00abcaso sospechoso\u00bb de coronavirus"},"content":{"rendered":"\n<p>A trav\u00e9s de un comunicado desde la Instituci\u00f3n dio a conocer sobre suspender las clases hasta el 15\/03 por un posible caso de coronavirus.<\/p>\n\n\n\n<p>La Universidad de la Cuenca del Plata, ubicado en Donovan 521 de  Resistencia, decidi\u00f3 suspender las clases por esta semana por posible caso de Coronavirus de una alumna de la instituci\u00f3n.<\/p>\n\n\n\n<p>Lo confirmaron los directivos de dicho establecimiento, quienes informaron a los alumnos sobre los motivos de la suspensi\u00f3n: se trata de una medida totalmente preventiva, dado que los casos a\u00fan no est\u00e1n confirmados y lo mejor ser\u00eda tomar la decisi\u00f3n de cancelar las clases por el resto de la semana, con reintegraci\u00f3n el d\u00eda lunes 15 de marzo. <\/p>\n\n\n\n<p>Desde la instituci\u00f3n se llam\u00f3 a la calma, y tomar todas las medidas posibles desde los organismos de salud para prevenir el virus y cualquier otro tipo de enfermedades.<\/p>\n\n\n\n<h2 class=\"wp-block-heading\">Comunicado: <\/h2>\n\n\n\n<figure class=\"wp-block-image size-large\"><img loading=\"lazy\" decoding=\"async\" width=\"720\" height=\"720\" src=\"https:\/\/portalmovil.com.ar\/wp-content\/uploads\/2020\/03\/0fede491-9685-438e-afb1-09d618701089.jpg\" alt=\"\" class=\"wp-image-3279\" srcset=\"https:\/\/portalmovil.com.ar\/wp-content\/uploads\/2020\/03\/0fede491-9685-438e-afb1-09d618701089.jpg 720w, https:\/\/portalmovil.com.ar\/wp-content\/uploads\/2020\/03\/0fede491-9685-438e-afb1-09d618701089-150x150.jpg 150w, https:\/\/portalmovil.com.ar\/wp-content\/uploads\/2020\/03\/0fede491-9685-438e-afb1-09d618701089-300x300.jpg 300w\" sizes=\"auto, (max-width: 720px) 100vw, 720px\" \/><\/figure>\n","protected":false},"excerpt":{"rendered":"<p>A trav\u00e9s de un comunicado desde la Instituci\u00f3n dio a conocer sobre suspender las clases hasta el 15\/03 por un posible caso de coronavirus. La Universidad de la Cuenca del Plata, ubicado en Donovan 521 de Resistencia, decidi\u00f3 suspender las clases por esta semana por posible caso de Coronavirus de una alumna de la instituci\u00f3n. &hellip;<\/p>\n","protected":false},"author":2,"featured_media":3280,"comment_status":"open","ping_status":"open","sticky":false,"template":"","format":"standard","meta":{"_jetpack_memberships_contains_paid_content":false,"footnotes":"","jetpack_publicize_message":"","jetpack_publicize_feature_enabled":true,"jetpack_social_post_already_shared":true,"jetpack_social_options":{"image_generator_settings":{"template":"highway","default_image_id":0,"font":"","enabled":false},"version":2}},"categories":[37,46],"tags":[],"class_list":["post-3278","post","type-post","status-publish","format-standard","has-post-thumbnail","hentry","category-resistencia","category-salud"],"jetpack_publicize_connections":[],"jetpack_featured_media_url":"https:\/\/portalmovil.com.ar\/wp-content\/uploads\/2020\/03\/3a7eabbd-af7a-4a72-af2f-d65b817674ae.jpg","jetpack_sharing_enabled":true,"amp_enabled":true,"_links":{"self":[{"href":"https:\/\/portalmovil.com.ar\/index.php\/wp-json\/wp\/v2\/posts\/3278","targetHints":{"allow":["GET"]}}],"collection":[{"href":"https:\/\/portalmovil.com.ar\/index.php\/wp-json\/wp\/v2\/posts"}],"about":[{"href":"https:\/\/portalmovil.com.ar\/index.php\/wp-json\/wp\/v2\/types\/post"}],"author":[{"embeddable":true,"href":"https:\/\/portalmovil.com.ar\/index.php\/wp-json\/wp\/v2\/users\/2"}],"replies":[{"embeddable":true,"href":"https:\/\/portalmovil.com.ar\/index.php\/wp-json\/wp\/v2\/comments?post=3278"}],"version-history":[{"count":2,"href":"https:\/\/portalmovil.com.ar\/index.php\/wp-json\/wp\/v2\/posts\/3278\/revisions"}],"predecessor-version":[{"id":3282,"href":"https:\/\/portalmovil.com.ar\/index.php\/wp-json\/wp\/v2\/posts\/3278\/revisions\/3282"}],"wp:featuredmedia":[{"embeddable":true,"href":"https:\/\/portalmovil.com.ar\/index.php\/wp-json\/wp\/v2\/media\/3280"}],"wp:attachment":[{"href":"https:\/\/portalmovil.com.ar\/index.php\/wp-json\/wp\/v2\/media?parent=3278"}],"wp:term":[{"taxonomy":"category","embeddable":true,"href":"https:\/\/portalmovil.com.ar\/index.php\/wp-json\/wp\/v2\/categories?post=3278"},{"taxonomy":"post_tag","embeddable":true,"href":"https:\/\/portalmovil.com.ar\/index.php\/wp-json\/wp\/v2\/tags?post=3278"}],"curies":[{"name":"wp","href":"https:\/\/api.w.org\/{rel}","templated":true}]}}