{"id":32689,"date":"2021-07-10T21:09:10","date_gmt":"2021-07-11T00:09:10","guid":{"rendered":"https:\/\/portalmovil.com.ar\/?p=32689"},"modified":"2021-07-10T21:09:13","modified_gmt":"2021-07-11T00:09:13","slug":"encontraron-muerto-a-un-fotografo-denunciado-por-filmar-a-una-joven-en-su-bano-sin-su-consentimiento","status":"publish","type":"post","link":"https:\/\/portalmovil.com.ar\/index.php\/2021\/07\/10\/encontraron-muerto-a-un-fotografo-denunciado-por-filmar-a-una-joven-en-su-bano-sin-su-consentimiento\/","title":{"rendered":"Encontraron muerto a un fot\u00f3grafo denunciado por filmar a una joven en su ba\u00f1o sin su consentimiento"},"content":{"rendered":"\n<p>El hombre de 60 a\u00f1os hab\u00eda filmado a una amiga de su hija mientras se ba\u00f1aba.<\/p>\n\n\n\n<p>Un fot\u00f3grafo de 60 a\u00f1os qu<strong>e hab\u00eda sido denunciado por grabar a una joven, amiga de su hija, mientras se ba\u00f1aba y sin su consentimiento<\/strong>\u00a0fue\u00a0<strong>encontrado sin vida en una playa de estacionamiento<\/strong>\u00a0de la ciudad de\u00a0<strong>Rosario.<\/strong><\/p>\n\n\n\n<div class=\"wp-block-image\"><figure class=\"aligncenter size-large\"><img loading=\"lazy\" decoding=\"async\" width=\"730\" height=\"410\" src=\"https:\/\/portalmovil.com.ar\/wp-content\/uploads\/2021\/07\/el-automovil-donde-fue-hallado-el-cuerpo-vida-estaba-avenida-carrasco-y-pintor-mustojpg.jpg\" alt=\"\" class=\"wp-image-32690\" srcset=\"https:\/\/portalmovil.com.ar\/wp-content\/uploads\/2021\/07\/el-automovil-donde-fue-hallado-el-cuerpo-vida-estaba-avenida-carrasco-y-pintor-mustojpg.jpg 730w, https:\/\/portalmovil.com.ar\/wp-content\/uploads\/2021\/07\/el-automovil-donde-fue-hallado-el-cuerpo-vida-estaba-avenida-carrasco-y-pintor-mustojpg-300x168.jpg 300w\" sizes=\"auto, (max-width: 730px) 100vw, 730px\" \/><\/figure><\/div>\n\n\n\n<p>El cuerpo sin vida del hombre fue encontrado en el interior de un auto en la playa de estacionamiento ubicada en el barrio de La Florida.<\/p>\n\n\n\n<p>Seg\u00fan trascendi\u00f3, el hecho se descubri\u00f3 este viernes por la noche cuando efectivos de la subcomisar\u00eda 27\u00ba llegaron al lugar, ubicado en inmediaciones de avenida Carrasco y Pintor Musto, y encontraron el cad\u00e1ver del hombre.<\/p>\n\n\n\n<p>Inmediatamente, los efectivos llamaron al Servicio Integrado de Emergencias M\u00e9dicas (Sies), que al arribar constat\u00f3 el deceso.<\/p>\n\n\n\n<p>Trascendi\u00f3 en la prensa local que la investigaci\u00f3n de la causa fue caratulada inicialmente como muerte dudosa, hasta tanto se obtengan los resultados de la autopsia.<\/p>\n\n\n\n<p>Se supo que el hombre fallecido hab\u00eda sido denunciado en junio pasado por la amiga de su hija, quien dijo que el fot\u00f3grafo&nbsp;<strong>la grab\u00f3 mientras se ba\u00f1aba con una c\u00e1mara de video escondida en el ba\u00f1o de la casa.<\/strong><\/p>\n\n\n\n<p>Cuando la denuncia de la joven pas\u00f3 a la Justicia, el Ministerio P\u00fablico de la Acusaci\u00f3n (MPA) constat\u00f3 que el acusado, propietario de un estudio fotogr\u00e1fico,<strong>&nbsp;ten\u00eda una denuncia por amenazas y violencia de g\u00e9nero realizada por su ex pareja.<\/strong><\/p>\n\n\n\n<p>La joven denunciante cont\u00f3 ante la Justicia que hace aproximadamente tres a\u00f1os trabajaba en el estudio fotogr\u00e1fico, y all\u00ed conoci\u00f3 a la hija del hombre y se hicieron amigas.<\/p>\n\n\n\n<p><strong>El pasado 1\u00ba de junio la denunciante fue a la casa de su amiga y al salir de ba\u00f1arse vio que hab\u00eda una c\u00e1mara Go Pro en el cesto de la basura y que estaba grabando.<\/strong><\/p>\n\n\n\n<p><strong>En ese momento la joven sac\u00f3 la tarjeta de memoria de la c\u00e1mara y al acceder al contenido pudo ver c\u00f3mo el hombre comenz\u00f3 a filmar el momento en el que ella se estaba ba\u00f1ando.<\/strong><\/p>\n\n\n\n<p>Fuente. Minutouno<\/p>\n","protected":false},"excerpt":{"rendered":"<p>El hombre de 60 a\u00f1os hab\u00eda filmado a una amiga de su hija mientras se ba\u00f1aba.<\/p>\n","protected":false},"author":2,"featured_media":32690,"comment_status":"open","ping_status":"open","sticky":false,"template":"","format":"standard","meta":{"_jetpack_memberships_contains_paid_content":false,"footnotes":"","jetpack_publicize_message":"","jetpack_publicize_feature_enabled":true,"jetpack_social_post_already_shared":true,"jetpack_social_options":{"image_generator_settings":{"template":"highway","default_image_id":0,"font":"","enabled":false},"version":2}},"categories":[8],"tags":[],"class_list":["post-32689","post","type-post","status-publish","format-standard","has-post-thumbnail","hentry","category-policiales"],"jetpack_publicize_connections":[],"jetpack_featured_media_url":"https:\/\/portalmovil.com.ar\/wp-content\/uploads\/2021\/07\/el-automovil-donde-fue-hallado-el-cuerpo-vida-estaba-avenida-carrasco-y-pintor-mustojpg.jpg","jetpack_sharing_enabled":true,"amp_enabled":true,"_links":{"self":[{"href":"https:\/\/portalmovil.com.ar\/index.php\/wp-json\/wp\/v2\/posts\/32689","targetHints":{"allow":["GET"]}}],"collection":[{"href":"https:\/\/portalmovil.com.ar\/index.php\/wp-json\/wp\/v2\/posts"}],"about":[{"href":"https:\/\/portalmovil.com.ar\/index.php\/wp-json\/wp\/v2\/types\/post"}],"author":[{"embeddable":true,"href":"https:\/\/portalmovil.com.ar\/index.php\/wp-json\/wp\/v2\/users\/2"}],"replies":[{"embeddable":true,"href":"https:\/\/portalmovil.com.ar\/index.php\/wp-json\/wp\/v2\/comments?post=32689"}],"version-history":[{"count":1,"href":"https:\/\/portalmovil.com.ar\/index.php\/wp-json\/wp\/v2\/posts\/32689\/revisions"}],"predecessor-version":[{"id":32691,"href":"https:\/\/portalmovil.com.ar\/index.php\/wp-json\/wp\/v2\/posts\/32689\/revisions\/32691"}],"wp:featuredmedia":[{"embeddable":true,"href":"https:\/\/portalmovil.com.ar\/index.php\/wp-json\/wp\/v2\/media\/32690"}],"wp:attachment":[{"href":"https:\/\/portalmovil.com.ar\/index.php\/wp-json\/wp\/v2\/media?parent=32689"}],"wp:term":[{"taxonomy":"category","embeddable":true,"href":"https:\/\/portalmovil.com.ar\/index.php\/wp-json\/wp\/v2\/categories?post=32689"},{"taxonomy":"post_tag","embeddable":true,"href":"https:\/\/portalmovil.com.ar\/index.php\/wp-json\/wp\/v2\/tags?post=32689"}],"curies":[{"name":"wp","href":"https:\/\/api.w.org\/{rel}","templated":true}]}}