{"id":3259,"date":"2020-03-11T14:22:24","date_gmt":"2020-03-11T17:22:24","guid":{"rendered":"http:\/\/portalmovil.com.ar\/?p=3259"},"modified":"2020-03-11T14:22:32","modified_gmt":"2020-03-11T17:22:32","slug":"charata-el-gobernador-llamo-a-universalizar-la-educacion-en-la-apertura-del-nivel-inicial","status":"publish","type":"post","link":"https:\/\/portalmovil.com.ar\/index.php\/2020\/03\/11\/charata-el-gobernador-llamo-a-universalizar-la-educacion-en-la-apertura-del-nivel-inicial\/","title":{"rendered":"Charata: El gobernador llamo a universalizar la educaci\u00f3n en la apertura del nivel inicial"},"content":{"rendered":"\n<p>El gobernador Jorge Capitanich junto a la vicegobernadora Anal\u00eda Rach Quiroga, la ministra de Educaci\u00f3n, Daniela Torrente, y la intendenta de Charata, Mar\u00eda Luisa Chomiak, inaugur\u00f3 desde el Jard\u00edn de Infantes N\u00b0 214 de la localidad el inicio de clases para el Nivel Inicial. Adem\u00e1s, inaugur\u00f3 la obra del establecimiento, que demand\u00f3 una inversi\u00f3n de $13.853.662.<\/p>\n\n\n\n<p>\u201cEstamos aqu\u00ed hoy inaugurando el inicio del ciclo lectivo de jard\u00edn de infantes en la Provincia con aulas abiertas, con docentes trabajando, con padres participando, con los ni\u00f1os y ni\u00f1as y con una comunidad que entiende de una manera clara que la educaci\u00f3n es un derecho que debe ser ejercido, y garantizado por el Estado\u201d, expres\u00f3 el mandatario.<\/p>\n\n\n\n<p>En el acto de apertura Capitanich hizo hincapi\u00e9 en la necesidad de cumplir con la Ley 27.045 que garantiza el derecho a la educaci\u00f3n a ni\u00f1os y ni\u00f1as en las salas de cuatro a\u00f1os. La provincia actualmente cuenta con 295 establecimientos que ofrecen salas de cuatro a\u00f1os, dando la posibilidad a m\u00e1s de 20.700 ni\u00f1os y ni\u00f1as en 17.500 \u00e1reas urbanas y en m\u00e1s de 3 mil \u00e1reas rurales.<\/p>\n\n\n\n<p>\u201cTenemos una inclusi\u00f3n insuficiente, por eso pretendemos en los pr\u00f3ximos cuatro a\u00f1os garantizar la universalizaci\u00f3n de salas de cuatro a\u00f1os. Eso significa que todos los ni\u00f1os y ni\u00f1as de cuatro a\u00f1os est\u00e9n incluidos en el sistema educativo para tener el cumplimiento estricto tambi\u00e9n de la ley 26.206, que establece la necesidad de promover el aprendizaje y el desarrollo de los ni\u00f1os y ni\u00f1as de 45 d\u00edas a 5 a\u00f1os de edad\u201d, remarc\u00f3 el gobernador.<\/p>\n\n\n\n<p>En la misma l\u00ednea, la ministra de Educaci\u00f3n, Cultura, Ciencia y Tecnolog\u00eda, Daniela Torrente, asegur\u00f3: \u201cEstamos trabajando para cumplir lo que establece la Ley Nacional 27.045\u201d. \u201cTodav\u00eda no lo podemos cumplir; nos falta un 30% de cobertura fundamentalmente en las \u00e1reas rurales m\u00e1s dispersas\u201d, indic\u00f3 y remarc\u00f3 que se pretende avanzar en el desarrollo de la cobertura de las salas de 2 y 3 a\u00f1os de Nivel inicial.<\/p>\n\n\n\n<p>La ministra remarc\u00f3 que fue un gran logro iniciar las clases en el Chaco en tiempo y forma despu\u00e9s de 12 a\u00f1os asegurando que siguen abiertas las negociaciones con todos los sindicatos docentes y siguen trabajando en las mejoras de las condiciones laborales del sector. Consider\u00f3 que no s\u00f3lo lo salarial hace a la dignidad de los trabajadores, por eso agradeci\u00f3 el acompa\u00f1amiento de los sindicatos.<\/p>\n\n\n\n<p>La obra inaugurada contempl\u00f3 la construcci\u00f3n de tres salas, m\u00f3dulos sanitarios, sal\u00f3n de usos m\u00faltiples, cocina, patios y dem\u00e1s dependencias necesarias para el pleno funcionamiento del jard\u00edn de infantes. Tambi\u00e9n se provey\u00f3 de mobiliarios, juegos did\u00e1cticos y guardapolvos para 125 ni\u00f1as y ni\u00f1os.<\/p>\n\n\n\n<p>\u201cEs una obra que se inici\u00f3 en la gesti\u00f3n anterior, queremos reivindicar que el esfuerzo de la pol\u00edtica educativa tiene que ser una pol\u00edtica de Estado. Entre el a\u00f1o 2007 y 2015 hubo cerca de 529 edificios nuevos, ampliados, o refaccionados a nuevos que fueron parte del impulso desde el punto de vista de la inversi\u00f3n social educativa\u201d, dijo.<\/p>\n\n\n\n<h2 class=\"wp-block-heading\">Congreso Pedag\u00f3gico<\/h2>\n\n\n\n<p>Durante su discurso, el gobernador destac\u00f3 la importancia de la apertura del Congreso Pedag\u00f3gico al inicio de su gesti\u00f3n como una herramienta para garantizar las condiciones necesarias y suficientes que permitan un debate plural y democr\u00e1tico, que terminar\u00e1 el 11 de septiembre con conclusiones y recomendaciones que permitan articular pol\u00edticas de Estado. Las mismas, deben darse con \u201cobjetivos, metas, estrategias, actividades, tareas y compromiso para lograr un contrato social pedag\u00f3gico que transforme la educaci\u00f3n chaque\u00f1a para siempre\u201d, asegur\u00f3.<\/p>\n\n\n\n<p>Durante los pr\u00f3ximos cuatro a\u00f1os, el Estado trabajar\u00e1 en garantizar de manera progresiva el cumplimiento del art\u00edculo 83 de la Constituci\u00f3n Provincial que estipula un fondo educativo equivalente al 33% del presupuesto.<\/p>\n\n\n\n<p>Adem\u00e1s, se trabajar\u00e1 en la reforma de la educaci\u00f3n rural, el proceso de formaci\u00f3n y salida laboral, la reforma de la educaci\u00f3n t\u00e9cnica, cultural, la red de bibliotecas, Ley de Educaci\u00f3n Superior, capacitaci\u00f3n docente en terreno, educaci\u00f3n digital en jornadas extendidas, promover los consejos escolares y centros de estudiantes, \u00e1mbitos de participaci\u00f3n y reivindicaci\u00f3n efectiva del derecho a la educaci\u00f3n. \u201cPorque la calidad del sistema educativo depende de la calidad formativa, de las condiciones de trabajo, el salario y la tecnolog\u00eda\u201d, destac\u00f3, y agradeci\u00f3 a las instituciones gremiales por la capacidad de di\u00e1logo y la construcci\u00f3n de consenso.<\/p>\n\n\n\n<p>Torrente consider\u00f3 que el Congreso forma parte de un pacto educativo, y aclar\u00f3 que no se pretende refundar el sistema educativo: \u201csolo pretendemos mantener lo que se est\u00e1 haciendo bien, y modificar lo que tiene alg\u00fan dificultad y cambiar lo que no est\u00e1 funcionando\u201d, explic\u00f3.<\/p>\n\n\n\n<h2 class=\"wp-block-heading\">Obras para Charata<\/h2>\n\n\n\n<p>Para finalizar, el primer mandatario adelant\u00f3 que para el 2021 se trabajar\u00e1 para que la localidad pueda contar con agua potable, adem\u00e1s de una reforma del sistema sanitario y hospitalario. Por otra parte, adelant\u00f3 que se trabajar\u00e1 en la b\u00fasqueda de financiamiento de la autov\u00eda de acceso a Charata lo que dijo, \u201ces un requerimiento de la intendenta municipal\u201d.<\/p>\n\n\n\n<p>\u201cTenemos sobrado conocimiento del compromiso que tiene el gobernador con el pueblo chaque\u00f1o y en particular con la educaci\u00f3n de nuestras ni\u00f1as y ni\u00f1os\u201d, asegur\u00f3 por su parte la intendenta Mar\u00eda Luisa Chomiak. Tras agradecer a la gesti\u00f3n provincial por culminar la obra del jard\u00edn de infantes, indic\u00f3 que se trata de una jornada de mucha emoci\u00f3n.<\/p>\n\n\n\n<p>\u201cLos establecimientos educativos son un lugar de contenci\u00f3n y formaci\u00f3n, que cada barrio de Charatas cuente con un jard\u00edn era una tarea pendiente que hoy la estamos saldando\u201d, se\u00f1al\u00f3.<\/p>\n","protected":false},"excerpt":{"rendered":"<p>El gobernador Jorge Capitanich junto a la vicegobernadora Anal\u00eda Rach Quiroga, la ministra de Educaci\u00f3n, Daniela Torrente, y la intendenta de Charata, Mar\u00eda Luisa Chomiak, inaugur\u00f3 desde el Jard\u00edn de Infantes N\u00b0 214 de la localidad el inicio de clases para el Nivel Inicial. Adem\u00e1s, inaugur\u00f3 la obra del establecimiento, que demand\u00f3 una inversi\u00f3n de &hellip;<\/p>\n","protected":false},"author":2,"featured_media":3260,"comment_status":"open","ping_status":"open","sticky":false,"template":"","format":"standard","meta":{"_jetpack_memberships_contains_paid_content":false,"footnotes":"","jetpack_publicize_message":"","jetpack_publicize_feature_enabled":true,"jetpack_social_post_already_shared":true,"jetpack_social_options":{"image_generator_settings":{"template":"highway","default_image_id":0,"font":"","enabled":false},"version":2}},"categories":[5,12],"tags":[205,67,347],"class_list":["post-3259","post","type-post","status-publish","format-standard","has-post-thumbnail","hentry","category-chaco","category-ultimo","tag-capitanich","tag-educacion","tag-inauguracion"],"jetpack_publicize_connections":[],"jetpack_featured_media_url":"https:\/\/portalmovil.com.ar\/wp-content\/uploads\/2020\/03\/f8a914525801a34230ad250b274ded17.jpg","jetpack_sharing_enabled":true,"amp_enabled":true,"_links":{"self":[{"href":"https:\/\/portalmovil.com.ar\/index.php\/wp-json\/wp\/v2\/posts\/3259","targetHints":{"allow":["GET"]}}],"collection":[{"href":"https:\/\/portalmovil.com.ar\/index.php\/wp-json\/wp\/v2\/posts"}],"about":[{"href":"https:\/\/portalmovil.com.ar\/index.php\/wp-json\/wp\/v2\/types\/post"}],"author":[{"embeddable":true,"href":"https:\/\/portalmovil.com.ar\/index.php\/wp-json\/wp\/v2\/users\/2"}],"replies":[{"embeddable":true,"href":"https:\/\/portalmovil.com.ar\/index.php\/wp-json\/wp\/v2\/comments?post=3259"}],"version-history":[{"count":1,"href":"https:\/\/portalmovil.com.ar\/index.php\/wp-json\/wp\/v2\/posts\/3259\/revisions"}],"predecessor-version":[{"id":3261,"href":"https:\/\/portalmovil.com.ar\/index.php\/wp-json\/wp\/v2\/posts\/3259\/revisions\/3261"}],"wp:featuredmedia":[{"embeddable":true,"href":"https:\/\/portalmovil.com.ar\/index.php\/wp-json\/wp\/v2\/media\/3260"}],"wp:attachment":[{"href":"https:\/\/portalmovil.com.ar\/index.php\/wp-json\/wp\/v2\/media?parent=3259"}],"wp:term":[{"taxonomy":"category","embeddable":true,"href":"https:\/\/portalmovil.com.ar\/index.php\/wp-json\/wp\/v2\/categories?post=3259"},{"taxonomy":"post_tag","embeddable":true,"href":"https:\/\/portalmovil.com.ar\/index.php\/wp-json\/wp\/v2\/tags?post=3259"}],"curies":[{"name":"wp","href":"https:\/\/api.w.org\/{rel}","templated":true}]}}