{"id":32087,"date":"2021-07-05T20:51:23","date_gmt":"2021-07-05T23:51:23","guid":{"rendered":"https:\/\/portalmovil.com.ar\/?p=32087"},"modified":"2021-07-05T20:51:25","modified_gmt":"2021-07-05T23:51:25","slug":"nos-quitaron-la-unica-luz-que-iluminaba-nuestra-vida-la-carta-del-padre-del-joven-asesinado-por-ser-gay","status":"publish","type":"post","link":"https:\/\/portalmovil.com.ar\/index.php\/2021\/07\/05\/nos-quitaron-la-unica-luz-que-iluminaba-nuestra-vida-la-carta-del-padre-del-joven-asesinado-por-ser-gay\/","title":{"rendered":"\u00abNos quitaron la \u00fanica luz que iluminaba nuestra vida\u00bb: la carta del padre del joven asesinado por ser gay"},"content":{"rendered":"\n<p>La autoridades investigan este crimen de odio que caus\u00f3 conmoci\u00f3n en toda Espa\u00f1a.<\/p>\n\n\n\n<figure class=\"wp-block-image size-large is-resized\"><img loading=\"lazy\" decoding=\"async\" src=\"https:\/\/portalmovil.com.ar\/wp-content\/uploads\/2021\/07\/samuel-1jpg.jpg\" alt=\"\" class=\"wp-image-32088\" width=\"926\" height=\"616\" srcset=\"https:\/\/portalmovil.com.ar\/wp-content\/uploads\/2021\/07\/samuel-1jpg.jpg 690w, https:\/\/portalmovil.com.ar\/wp-content\/uploads\/2021\/07\/samuel-1jpg-300x200.jpg 300w\" sizes=\"auto, (max-width: 926px) 100vw, 926px\" \/><\/figure>\n\n\n\n<p>Las autoridades en el noroeste espa\u00f1ol pidieron este lunes m\u00e1s tiempo para investigar el\u00a0asesinato\u00a0de Samuel, un joven de 24 a\u00f1os que de acuerdo a las\u00a0denuncia\u00a0lo mataron por ser homosexual.<\/p>\n\n\n\n<p>En este marco, distintas organizaciones LGBTQ convocaron marchas en todo el pa\u00eds y\u00a0<strong>las autoridades ya confirmaron que la muerte de Samuel Luiz fue un delito de odio.<\/strong><\/p>\n\n\n\n<p>En tanto, <strong>su padre escribi\u00f3 una emotiva carta:\u00a0\u201cHola, soy el padre de Samuel, quiero primeramente agradecer el excelente trabajo de los equipos del 061 por todo el esfuerzo realizado en cuanto al pronto atendimiento de nuestro hijo. Nos quitaron la \u00fanica luz que iluminaba nuestra vida. Sabemos que vamos a tener un camino muy largo por recorrer. Estaremos apoyados en nuestra familia, amigos y compa\u00f1eros que nos ayudar\u00e1n a salir de este camino oscuro\u201d.<\/strong><\/p>\n\n\n\n<p>En esa l\u00ednea, agradeci\u00f3 a las autoridades de \u201cnuestra maravillosa ciudad, A Coru\u00f1a.&nbsp;<strong>Gracias de coraz\u00f3n. Que Dios pueda recompensar todo el cari\u00f1o que nos est\u00e1is brindando.&nbsp;<\/strong>Un abrazo muy fuerte a todos y deseamos que nunca m\u00e1s llegue a ocurrir otro d\u00eda tan negro como el que estamos viviendo\u201d.<\/p>\n\n\n\n<p><strong>\u201cNo a la violencia\u201d<\/strong>, cerr\u00f3 el padre.<\/p>\n\n\n\n<p>Por su parte, la polic\u00eda est\u00e1 revisando c\u00e1maras de vigilancia e interrogando a m\u00e1s de una decena de sospechosos y testigos que estaban afuera del centro nocturno en la ciudad de A Coru\u00f1a al momento en que sucedi\u00f3 el crimen en las primeras horas del s\u00e1bado, inform\u00f3 el lunes un representante del gobierno de Galicia, en el noroeste del pa\u00eds. Amigos de la v\u00edctima le dijeron que los agresores comenzaron a atacar a Luiz, quien en ese momento estaba en una videollamada con un amigo, porque cre\u00edan que intentaba grabarlos. Los agresores usaron una palabra despectiva hacia los homosexuales, relataron los amigos.<\/p>\n\n\n\n<p>Fuente: Minutouno<\/p>\n","protected":false},"excerpt":{"rendered":"<p>Las autoridades en el noroeste espa\u00f1ol pidieron este lunes m\u00e1s tiempo para investigar el asesinato de Samuel, un joven de 24 a\u00f1os que de acuerdo a las denuncia lo mataron por ser homosexual.<\/p>\n","protected":false},"author":2,"featured_media":32089,"comment_status":"open","ping_status":"open","sticky":false,"template":"","format":"standard","meta":{"_jetpack_memberships_contains_paid_content":false,"footnotes":"","jetpack_publicize_message":"","jetpack_publicize_feature_enabled":true,"jetpack_social_post_already_shared":true,"jetpack_social_options":{"image_generator_settings":{"template":"highway","default_image_id":0,"font":"","enabled":false},"version":2}},"categories":[17],"tags":[],"class_list":["post-32087","post","type-post","status-publish","format-standard","has-post-thumbnail","hentry","category-mundo"],"jetpack_publicize_connections":[],"jetpack_featured_media_url":"https:\/\/portalmovil.com.ar\/wp-content\/uploads\/2021\/07\/60e2a4d81ea25.jpeg","jetpack_sharing_enabled":true,"amp_enabled":true,"_links":{"self":[{"href":"https:\/\/portalmovil.com.ar\/index.php\/wp-json\/wp\/v2\/posts\/32087","targetHints":{"allow":["GET"]}}],"collection":[{"href":"https:\/\/portalmovil.com.ar\/index.php\/wp-json\/wp\/v2\/posts"}],"about":[{"href":"https:\/\/portalmovil.com.ar\/index.php\/wp-json\/wp\/v2\/types\/post"}],"author":[{"embeddable":true,"href":"https:\/\/portalmovil.com.ar\/index.php\/wp-json\/wp\/v2\/users\/2"}],"replies":[{"embeddable":true,"href":"https:\/\/portalmovil.com.ar\/index.php\/wp-json\/wp\/v2\/comments?post=32087"}],"version-history":[{"count":1,"href":"https:\/\/portalmovil.com.ar\/index.php\/wp-json\/wp\/v2\/posts\/32087\/revisions"}],"predecessor-version":[{"id":32090,"href":"https:\/\/portalmovil.com.ar\/index.php\/wp-json\/wp\/v2\/posts\/32087\/revisions\/32090"}],"wp:featuredmedia":[{"embeddable":true,"href":"https:\/\/portalmovil.com.ar\/index.php\/wp-json\/wp\/v2\/media\/32089"}],"wp:attachment":[{"href":"https:\/\/portalmovil.com.ar\/index.php\/wp-json\/wp\/v2\/media?parent=32087"}],"wp:term":[{"taxonomy":"category","embeddable":true,"href":"https:\/\/portalmovil.com.ar\/index.php\/wp-json\/wp\/v2\/categories?post=32087"},{"taxonomy":"post_tag","embeddable":true,"href":"https:\/\/portalmovil.com.ar\/index.php\/wp-json\/wp\/v2\/tags?post=32087"}],"curies":[{"name":"wp","href":"https:\/\/api.w.org\/{rel}","templated":true}]}}