{"id":32074,"date":"2021-07-05T18:48:44","date_gmt":"2021-07-05T21:48:44","guid":{"rendered":"https:\/\/portalmovil.com.ar\/?p=32074"},"modified":"2021-07-05T18:48:46","modified_gmt":"2021-07-05T21:48:46","slug":"gustavo-martinez-destaco-el-compromiso-en-la-renovacion-de-las-comisiones-vecinales","status":"publish","type":"post","link":"https:\/\/portalmovil.com.ar\/index.php\/2021\/07\/05\/gustavo-martinez-destaco-el-compromiso-en-la-renovacion-de-las-comisiones-vecinales\/","title":{"rendered":"Gustavo Mart\u00ednez destac\u00f3 el compromiso en la renovaci\u00f3n de las comisiones vecinales"},"content":{"rendered":"\n<p>El intendente de Resistencia, Gustavo Mart\u00ednez, entreg\u00f3 certificados a las renovadas comisiones de quince barrios aleda\u00f1os a los centros comunitarios de Villa Elisa y Parque Independencia y remarc\u00f3 que \u201ces importante comprender que la sinergia entre los vecinos, vecinas y el Estado municipal es fundamental para desarrollar una pol\u00edtica de descentralizaci\u00f3n de servicios para que los resistencianos puedan disfrutar la ciudad que se merecen\u201d.<\/p>\n\n\n\n<p>Asimismo remarc\u00f3 que \u201cseg\u00fan la filosof\u00eda de trabajo de esta gesti\u00f3n municipal, es fundamental el acercamiento con los vecinos y vecinas y fomentar la participaci\u00f3n activa de los mismos. \u201cLa pandemia nos hizo perder la cercan\u00eda y estamos fortaleciendo la coordinaci\u00f3n con cada sector de la ciudad y mesas de gesti\u00f3n vecinal que ayuden a fijar las pautas de distintas acciones que son sumamente necesarias llevar adelante\u201d.<\/p>\n\n\n\n<p>Cabe destacar que en Resistencia se presentaron 312 listas de comisiones vecinales, de las cuales 176 son listas \u00fanicas, lo que permite a la Ciudad avanzar con la certificaci\u00f3n de las resoluciones de designaci\u00f3n de autoridades. Las 136 restantes ir\u00e1n a sufragio para elegir los representantes de 53 barrios, a\u00fan con fecha a definir seg\u00fan el contexto sanitario.<\/p>\n\n\n\n<p>En esta oportunidad recibieron sus oficializaciones los integrantes de las comisiones de MUPUNNE (Llaponagat), Llaponagat (229 Viviendas), Llaponagat (102 Viviendas), Llaponagat (185 Viviendas), \u00cdtalo Argentino, Central Norte, Villa Libertad (Lestani III), 60 Viviendas y Villa Itat\u00ed; Villa San Juan, General Obligado, Villa Elisa (44 Viviendas \u2013 Los Cosmet\u00f3logos), Villa Elisa (100 Viviendas \u2013 UPCP), Villa Elisa (El Changuito), Villa Elisa (1\u00b0 de Octubre), Villa Ministro Rawson (Sector A) y Villa Ministro Rawson (Sector B).<\/p>\n\n\n\n<p>Santa Fern\u00e1ndez es la nueva presidenta de la comisi\u00f3n vecinal del barrio Villa Libertad (Lestani III): \u201cSer representante del vecindario significa gestionar ante las autoridades municipales los pedidos de la gente y a eso le sumamos una impronta solidaria\u201d, y a\u00f1adi\u00f3 que \u201cla participaci\u00f3n de los ciudadanos y ciudadanas es esencial porque brinda el apoyo b\u00e1sico para tratar los reclamos referidos al asfalto, el desmalezado, la poda, cloacas y los desag\u00fces\u201d.<\/p>\n\n\n\n<p>Nelson Fernando Ambrello fue seleccionado para representar al barrio Llaponagat (185 Viviendas), y dijo que \u201chace falta gestionar pedidos ya que se nota que el barrio est\u00e1 bastante quedado en materia de infraestructura\u201d, y ampli\u00f3 diciendo que \u201csiempre es importante entablar una mesa de di\u00e1logo entre los vecinos y el Municipio porque hace mucha falta para concretar acciones que mejoren la ciudad\u201d.<\/p>\n\n\n\n<p>Tomas Ricardo Olivera, representante de Villa Itat\u00ed, consider\u00f3 que \u201ceste es un paso de acercamiento entre la gesti\u00f3n municipal y el cuerpo vecinal para tratar las inquietudes que se presentan en cada barrio, y en ese sentido es necesario trabajar mancomunadamente para llegar a las soluciones espec\u00edficas de cada sector de la urbe\u201d.<\/p>\n\n\n\n<p>Alfredo Lezcano, del barrio General Obligado, dijo que \u201cestas entidades barriales son las encargadas de comunicar a las autoridades municipales las necesidades que sufren nuestras comunidades\u201d, y a\u00f1adi\u00f3 que \u201cen las mesas de di\u00e1logo vamos a proponer que r\u00e1pidamente se pueda activar la federaci\u00f3n de comisiones vecinales del Gran Resistencia para poder llegar a un entendimiento con los representantes municipales y provinciales\u201d.<\/p>\n\n\n\n<p>Silvana Ver\u00f3n, presidenta de la comisi\u00f3n vecinal del barrio Ministro Rawson (Sector B), consider\u00f3 que \u201ces excelente trabajar en conjunto con el Gobierno de la Ciudad de Resistencia, y el objetivo es lograr un mejoramiento barrial\u201d, y finaliz\u00f3 diciendo que \u201clos vecinos y vecinas deben tener confianza para plasmar las iniciativas y proyectos que nos permitan salir adelante\u201d.<\/p>\n","protected":false},"excerpt":{"rendered":"<p>El intendente de Resistencia, Gustavo Mart\u00ednez, entreg\u00f3 certificados a las renovadas comisiones de quince barrios aleda\u00f1os a los centros comunitarios de Villa Elisa y Parque Independencia y remarc\u00f3 que \u201ces importante comprender que la sinergia entre los vecinos, vecinas y el Estado municipal es fundamental para desarrollar una pol\u00edtica de descentralizaci\u00f3n de servicios para que &hellip;<\/p>\n","protected":false},"author":2,"featured_media":32075,"comment_status":"open","ping_status":"open","sticky":false,"template":"","format":"standard","meta":{"_jetpack_memberships_contains_paid_content":false,"footnotes":"","jetpack_publicize_message":"","jetpack_publicize_feature_enabled":true,"jetpack_social_post_already_shared":true,"jetpack_social_options":{"image_generator_settings":{"template":"highway","default_image_id":0,"font":"","enabled":false},"version":2}},"categories":[37,46],"tags":[],"class_list":["post-32074","post","type-post","status-publish","format-standard","has-post-thumbnail","hentry","category-resistencia","category-salud"],"jetpack_publicize_connections":[],"jetpack_featured_media_url":"https:\/\/portalmovil.com.ar\/wp-content\/uploads\/2021\/07\/ENTREGA-DE-RESOLUCIONES-DOS-2-696x434-1.jpg","jetpack_sharing_enabled":true,"amp_enabled":true,"_links":{"self":[{"href":"https:\/\/portalmovil.com.ar\/index.php\/wp-json\/wp\/v2\/posts\/32074","targetHints":{"allow":["GET"]}}],"collection":[{"href":"https:\/\/portalmovil.com.ar\/index.php\/wp-json\/wp\/v2\/posts"}],"about":[{"href":"https:\/\/portalmovil.com.ar\/index.php\/wp-json\/wp\/v2\/types\/post"}],"author":[{"embeddable":true,"href":"https:\/\/portalmovil.com.ar\/index.php\/wp-json\/wp\/v2\/users\/2"}],"replies":[{"embeddable":true,"href":"https:\/\/portalmovil.com.ar\/index.php\/wp-json\/wp\/v2\/comments?post=32074"}],"version-history":[{"count":1,"href":"https:\/\/portalmovil.com.ar\/index.php\/wp-json\/wp\/v2\/posts\/32074\/revisions"}],"predecessor-version":[{"id":32076,"href":"https:\/\/portalmovil.com.ar\/index.php\/wp-json\/wp\/v2\/posts\/32074\/revisions\/32076"}],"wp:featuredmedia":[{"embeddable":true,"href":"https:\/\/portalmovil.com.ar\/index.php\/wp-json\/wp\/v2\/media\/32075"}],"wp:attachment":[{"href":"https:\/\/portalmovil.com.ar\/index.php\/wp-json\/wp\/v2\/media?parent=32074"}],"wp:term":[{"taxonomy":"category","embeddable":true,"href":"https:\/\/portalmovil.com.ar\/index.php\/wp-json\/wp\/v2\/categories?post=32074"},{"taxonomy":"post_tag","embeddable":true,"href":"https:\/\/portalmovil.com.ar\/index.php\/wp-json\/wp\/v2\/tags?post=32074"}],"curies":[{"name":"wp","href":"https:\/\/api.w.org\/{rel}","templated":true}]}}