{"id":31928,"date":"2021-07-04T18:04:07","date_gmt":"2021-07-04T21:04:07","guid":{"rendered":"https:\/\/portalmovil.com.ar\/?p=31928"},"modified":"2021-07-04T18:04:11","modified_gmt":"2021-07-04T21:04:11","slug":"habilitaron-una-sala-de-rayos-x-y-anuncian-un-jardin-de-infantes-para-la-leonesa","status":"publish","type":"post","link":"https:\/\/portalmovil.com.ar\/index.php\/2021\/07\/04\/habilitaron-una-sala-de-rayos-x-y-anuncian-un-jardin-de-infantes-para-la-leonesa\/","title":{"rendered":"Habilitaron una sala de rayos X y anuncian un Jard\u00edn de Infantes para La Leonesa"},"content":{"rendered":"\n<p>En el marco del 77\u00b0 aniversario de La Leonesa, el gobernador Jorge Capitanich acompa\u00f1ado del intendente Jos\u00e9 Carbajal inaugur\u00f3 este domingo la Sala de Rayos X del Centro Integrador Comunitario (CIC); entreg\u00f3 maquinarias al municipio y habilit\u00f3 obras de acceso al agua potable para 40 familias (ambos a trav\u00e9s de la L\u00ednea 613); e inaugur\u00f3 alumbrado p\u00fablico con luces de led. Adem\u00e1s, anunci\u00f3 la construcci\u00f3n de un nuevo jard\u00edn de infantes y otorg\u00f3 libros de lectura para la inclusi\u00f3n social.<\/p>\n\n\n\n<figure class=\"wp-block-image size-large\"><img loading=\"lazy\" decoding=\"async\" width=\"850\" height=\"550\" src=\"https:\/\/portalmovil.com.ar\/wp-content\/uploads\/2021\/07\/510acdbab3f6360ee7bc71a2967fdd29.jpg\" alt=\"\" class=\"wp-image-31929\" srcset=\"https:\/\/portalmovil.com.ar\/wp-content\/uploads\/2021\/07\/510acdbab3f6360ee7bc71a2967fdd29.jpg 850w, https:\/\/portalmovil.com.ar\/wp-content\/uploads\/2021\/07\/510acdbab3f6360ee7bc71a2967fdd29-300x194.jpg 300w, https:\/\/portalmovil.com.ar\/wp-content\/uploads\/2021\/07\/510acdbab3f6360ee7bc71a2967fdd29-768x497.jpg 768w\" sizes=\"auto, (max-width: 850px) 100vw, 850px\" \/><\/figure>\n\n\n\n<p>\u201cEn esta nueva conmemoraci\u00f3n es importante rescatar que las obras que se hacen hoy constituyen el legado del ma\u00f1ana, y en este sentido el departamento Bermejo ha tenido un proceso de transformaci\u00f3n de su infraestructura p\u00fablica que es realmente extraordinaria\u201d, afirm\u00f3 el mandatario, durante el breve acto con protocolos sanitarios realizado en el CIC de La Leonesa.<\/p>\n\n\n\n<p>El gobernador destac\u00f3 el crecimiento sostenido de la zona, que es acompa\u00f1ado por importantes obras que ejecuta el gobierno provincial. \u201cMejoramos las capacidades de cada municipio con m\u00e1s infraestructura edilicia, equipamiento y recursos humanos calificados para brindar mejores servicios a los vecinos y vecinas\u201d, indic\u00f3.<\/p>\n\n\n\n<p>Del acto, participaron la ministra de Salud P\u00fablica, Paola Ben\u00edtez; el ministro de Planificaci\u00f3n, Econom\u00eda e Infraestructura, Santiago P\u00e9rez Pons; el secretario de Municipios, Rodrigo Ocampo; el administrador de la Direcci\u00f3n de Vialidad Provincial, Hugo Varela; la presidenta del Instituto de Cultura, Mariela Quir\u00f3s; la diputada Elda Insaurralde; y autoridades provinciales y municipales.<\/p>\n\n\n\n<h2 class=\"wp-block-heading\"><strong>Una nueva sala de rayos X, y entregas de la L\u00ednea de gesti\u00f3n 613<\/strong><\/h2>\n\n\n\n<p>En este sentido, el gobernador procedi\u00f3 a la habilitaci\u00f3n de la Sala de Rayos X en el CIC, la cual tuvo una inversi\u00f3n total superior a los 8,8 millones de pesos, distribuidos entre las modificaciones edilicias y la instalaci\u00f3n del equipamiento. La obra fue financiada por el Plan Argentina Hace-1, el Programa Nacional Municipios en Pie, y con recursos genuinos de la Municipalidad de La Leonesa.<\/p>\n\n\n\n<p>En cuanto a las prestaciones que se derivan de esta intervenci\u00f3n, abarcan dos consultorios para la atenci\u00f3n m\u00e9dica, una sala de rayos con equipos de \u00faltima generaci\u00f3n, una galer\u00eda semi-cubierta y ba\u00f1os completos, que permitir\u00e1n el desempe\u00f1o de dos radi\u00f3logos y cuatro m\u00e9dicos de distintas especialidades. \u201cEl trabajo de diagn\u00f3stico por im\u00e1genes fortalecer\u00e1 el acceso gratuito y la estrategia de descentralizaci\u00f3n del sistema sanitario\u201d, afirm\u00f3 el mandatario.<\/p>\n\n\n\n<p>Seguidamente, Capitanich hizo hincapi\u00e9 en la perforaci\u00f3n de pozos para garantizar agua potable a 40 familias de la zona, como as\u00ed tambi\u00e9n la entrega de una moto-cortadora y un mini-tractor cortac\u00e9sped para el Municipio. La inversi\u00f3n total supera los 5,4 millones de pesos a trav\u00e9s de la L\u00ednea 613, financiada por la Secretar\u00eda de Municipios y el Nuevo Banco del Chaco.<\/p>\n\n\n\n<h2 class=\"wp-block-heading\"><strong>Libros, luminarias de led y un nuevo jard\u00edn de infantes<\/strong><\/h2>\n\n\n\n<p>El gobernador tambi\u00e9n anunci\u00f3 la creaci\u00f3n de un nuevo jard\u00edn de infantes como parte del plan de infraestructura escolar que se viene desarrollando en el territorio chaque\u00f1o, y tendr\u00e1 una inversi\u00f3n de casi 36 millones de pesos. El mismo contar\u00e1 con tres salas con sanitarios conectados mediante una galer\u00eda; un sector administrativo con sala de espera, sanitario docente y para discapacitados; un Sal\u00f3n de Usos M\u00faltiples como apoyatura de la cocina y el dep\u00f3sito; y un patio amplio con dos m\u00e1stiles y una torre de tanque.<\/p>\n\n\n\n<p>Adem\u00e1s, en el marco del Programa #ChacoCelebra y su iniciativa La Lectura es tu Derecho, se entregaron libros de lectura al CIC. \u201cEste centro es un ejemplo de funcionamiento en la provincia, al igual que las otras 51 instituciones de este tipo, para incentivar la inclusi\u00f3n social. Es por ello que estamos en un proceso de refacci\u00f3n de los mismos porque estos constituyen los epicentros de gesti\u00f3n m\u00e1s importantes de cada una de las comunidades\u201d, agreg\u00f3 Capitanich.<\/p>\n\n\n\n<p>En la jornada, tambi\u00e9n se inauguraron luminarias con tecnolog\u00eda Led en la red de alumbrado p\u00fablico entre las calles Mariano Moreno, Manuel Belgrano y la colectora Arturo Illia, donde se instalaron 14 columnas nuevas con luminarias de led, al tiempo que se reemplazaron 61 artefactos de 100 y 150 watts. La obra demand\u00f3 una inversi\u00f3n de casi 1,2 millones de pesos y fueron financiadas por Secheep.<\/p>\n\n\n\n<p>\u201cAqu\u00ed, en La Leonesa pudimos garantizar much\u00edsimos derechos claves, como el acceso al agua potable, a la salud, educaci\u00f3n, alimentaci\u00f3n, cloacas, identidad, fibra \u00f3ptima, energ\u00eda el\u00e9ctrica, entre otros, y lo hicimos a trav\u00e9s de inversiones importantes que tambi\u00e9n se replicar\u00e1n en otras localidades\u201d, dijo el gobernador.<\/p>\n","protected":false},"excerpt":{"rendered":"<p>En el marco del 77\u00b0 aniversario de La Leonesa, el gobernador Jorge Capitanich acompa\u00f1ado del intendente Jos\u00e9 Carbajal inaugur\u00f3 este domingo la Sala de Rayos X del Centro Integrador Comunitario (CIC); entreg\u00f3 maquinarias al municipio y habilit\u00f3 obras de acceso al agua potable para 40 familias (ambos a trav\u00e9s de la L\u00ednea 613); e inaugur\u00f3 &hellip;<\/p>\n","protected":false},"author":2,"featured_media":31930,"comment_status":"open","ping_status":"open","sticky":false,"template":"","format":"standard","meta":{"_jetpack_memberships_contains_paid_content":false,"footnotes":"","jetpack_publicize_message":"","jetpack_publicize_feature_enabled":true,"jetpack_social_post_already_shared":true,"jetpack_social_options":{"image_generator_settings":{"template":"highway","default_image_id":0,"font":"","enabled":false},"version":2}},"categories":[5,42],"tags":[],"class_list":["post-31928","post","type-post","status-publish","format-standard","has-post-thumbnail","hentry","category-chaco","category-interior"],"jetpack_publicize_connections":[],"jetpack_featured_media_url":"https:\/\/portalmovil.com.ar\/wp-content\/uploads\/2021\/07\/dd1ade114899634526a11747611493ff.jpg","jetpack_sharing_enabled":true,"amp_enabled":true,"_links":{"self":[{"href":"https:\/\/portalmovil.com.ar\/index.php\/wp-json\/wp\/v2\/posts\/31928","targetHints":{"allow":["GET"]}}],"collection":[{"href":"https:\/\/portalmovil.com.ar\/index.php\/wp-json\/wp\/v2\/posts"}],"about":[{"href":"https:\/\/portalmovil.com.ar\/index.php\/wp-json\/wp\/v2\/types\/post"}],"author":[{"embeddable":true,"href":"https:\/\/portalmovil.com.ar\/index.php\/wp-json\/wp\/v2\/users\/2"}],"replies":[{"embeddable":true,"href":"https:\/\/portalmovil.com.ar\/index.php\/wp-json\/wp\/v2\/comments?post=31928"}],"version-history":[{"count":1,"href":"https:\/\/portalmovil.com.ar\/index.php\/wp-json\/wp\/v2\/posts\/31928\/revisions"}],"predecessor-version":[{"id":31931,"href":"https:\/\/portalmovil.com.ar\/index.php\/wp-json\/wp\/v2\/posts\/31928\/revisions\/31931"}],"wp:featuredmedia":[{"embeddable":true,"href":"https:\/\/portalmovil.com.ar\/index.php\/wp-json\/wp\/v2\/media\/31930"}],"wp:attachment":[{"href":"https:\/\/portalmovil.com.ar\/index.php\/wp-json\/wp\/v2\/media?parent=31928"}],"wp:term":[{"taxonomy":"category","embeddable":true,"href":"https:\/\/portalmovil.com.ar\/index.php\/wp-json\/wp\/v2\/categories?post=31928"},{"taxonomy":"post_tag","embeddable":true,"href":"https:\/\/portalmovil.com.ar\/index.php\/wp-json\/wp\/v2\/tags?post=31928"}],"curies":[{"name":"wp","href":"https:\/\/api.w.org\/{rel}","templated":true}]}}