{"id":31676,"date":"2021-07-01T16:52:40","date_gmt":"2021-07-01T19:52:40","guid":{"rendered":"https:\/\/portalmovil.com.ar\/?p=31676"},"modified":"2021-07-01T16:52:42","modified_gmt":"2021-07-01T19:52:42","slug":"cronograma-de-pago-a-programas-provinciales-renta-minima-expertos-guardias-y-medicos-residentes","status":"publish","type":"post","link":"https:\/\/portalmovil.com.ar\/index.php\/2021\/07\/01\/cronograma-de-pago-a-programas-provinciales-renta-minima-expertos-guardias-y-medicos-residentes\/","title":{"rendered":"Cronograma de pago a Programas Provinciales: Renta M\u00ednima, Expertos,  guardias y m\u00e9dicos residentes"},"content":{"rendered":"\n<p>El Ministerio de Planificaci\u00f3n, Econom\u00eda e Infraestructura inform\u00f3 que el cronograma de pago, previsto para diferentes programas de asistencia econ\u00f3mica de la provincia, comienza este viernes 2 de julio, con la acreditaci\u00f3n de pagos de Guardias y Residentes, dependientes del Ministerio de Salud P\u00fablica.<\/p>\n\n\n\n<p>Las y los beneficiarios del Programa Expertos, tambi\u00e9n correspondientes al sistema de salud p\u00fablica del Chaco, cobrar\u00e1n el pr\u00f3ximo jueves 8, mientras que las y los M\u00e9dicos Comunitarios el lunes 12.<\/p>\n\n\n\n<p>El cronograma continuar\u00e1 con beneficiarias y beneficiarios del Ministerio de Desarrollo Social: M\u00e1s Inclusi\u00f3n (vulnerables), que percibir\u00e1n los haberes el jueves 8 de julio, al igual que las y los usuarios del PEL-PROCIC del Ministerio de Educaci\u00f3n.<\/p>\n\n\n\n<p>Trabajadoras y trabajadores que prestan servicios en Renta M\u00ednima Progresiva cobrar\u00e1n, como es habitual, en tres d\u00edas por terminaci\u00f3n de n\u00famero de DNI: martes 13 de julio (documentos terminados en 0, 1 y 2), mi\u00e9rcoles 14 de julio (documentos terminados en 3, 4 y 5) y jueves 15 de julio (documentos terminados en 6, 7, 8 y 9).<\/p>\n\n\n\n<p>Los fondos estar\u00e1n depositados en las cuentas del Nuevo Banco del Chaco (NBCH), por lo que el Ministerio de Planificaci\u00f3n, Econom\u00eda e Infraestructura recuerda la necesidad de mantener la distancia social e higienizarse las manos antes y despu\u00e9s de operar en el cajero autom\u00e1tico, como parte de los protocolos para prevenir el COVID-19.<\/p>\n\n\n\n<p><br><strong>Cr<\/strong><strong>onograma<\/strong><br>Guardias y Residentes: viernes 2 de julio<\/p>\n\n\n\n<p>Programa Expertos, M\u00e1s inclusi\u00f3n (vulnerables) y PEL-PROCIC: jueves 8 de julio<\/p>\n\n\n\n<p>M\u00e9dicos Comunitarios: lunes 12 de julio<\/p>\n\n\n\n<p>Renta M\u00ednima Progresiva: martes 13 de julio (DNI terminados en 0, 1 y 2); mi\u00e9rcoles 14 de julio (DNI terminados en 3, 4 y 5) y jueves 15 de julio (DNI terminados en 6, 7, 8 y 9).<\/p>\n","protected":false},"excerpt":{"rendered":"<p>El Ministerio de Planificaci\u00f3n, Econom\u00eda e Infraestructura inform\u00f3 que el cronograma de pago, previsto para diferentes programas de asistencia econ\u00f3mica de la provincia, comienza este viernes 2 de julio, con la acreditaci\u00f3n de pagos de Guardias y Residentes, dependientes del Ministerio de Salud P\u00fablica. Las y los beneficiarios del Programa Expertos, tambi\u00e9n correspondientes al sistema &hellip;<\/p>\n","protected":false},"author":2,"featured_media":8384,"comment_status":"open","ping_status":"open","sticky":false,"template":"","format":"standard","meta":{"_jetpack_memberships_contains_paid_content":false,"footnotes":"","jetpack_publicize_message":"","jetpack_publicize_feature_enabled":true,"jetpack_social_post_already_shared":true,"jetpack_social_options":{"image_generator_settings":{"template":"highway","default_image_id":0,"font":"","enabled":false},"version":2}},"categories":[5,175],"tags":[],"class_list":["post-31676","post","type-post","status-publish","format-standard","has-post-thumbnail","hentry","category-chaco","category-economia"],"jetpack_publicize_connections":[],"jetpack_featured_media_url":"https:\/\/portalmovil.com.ar\/wp-content\/uploads\/2020\/06\/nbch_tarjeta_debito_1_100258_100258.jpg","jetpack_sharing_enabled":true,"amp_enabled":true,"_links":{"self":[{"href":"https:\/\/portalmovil.com.ar\/index.php\/wp-json\/wp\/v2\/posts\/31676","targetHints":{"allow":["GET"]}}],"collection":[{"href":"https:\/\/portalmovil.com.ar\/index.php\/wp-json\/wp\/v2\/posts"}],"about":[{"href":"https:\/\/portalmovil.com.ar\/index.php\/wp-json\/wp\/v2\/types\/post"}],"author":[{"embeddable":true,"href":"https:\/\/portalmovil.com.ar\/index.php\/wp-json\/wp\/v2\/users\/2"}],"replies":[{"embeddable":true,"href":"https:\/\/portalmovil.com.ar\/index.php\/wp-json\/wp\/v2\/comments?post=31676"}],"version-history":[{"count":1,"href":"https:\/\/portalmovil.com.ar\/index.php\/wp-json\/wp\/v2\/posts\/31676\/revisions"}],"predecessor-version":[{"id":31677,"href":"https:\/\/portalmovil.com.ar\/index.php\/wp-json\/wp\/v2\/posts\/31676\/revisions\/31677"}],"wp:featuredmedia":[{"embeddable":true,"href":"https:\/\/portalmovil.com.ar\/index.php\/wp-json\/wp\/v2\/media\/8384"}],"wp:attachment":[{"href":"https:\/\/portalmovil.com.ar\/index.php\/wp-json\/wp\/v2\/media?parent=31676"}],"wp:term":[{"taxonomy":"category","embeddable":true,"href":"https:\/\/portalmovil.com.ar\/index.php\/wp-json\/wp\/v2\/categories?post=31676"},{"taxonomy":"post_tag","embeddable":true,"href":"https:\/\/portalmovil.com.ar\/index.php\/wp-json\/wp\/v2\/tags?post=31676"}],"curies":[{"name":"wp","href":"https:\/\/api.w.org\/{rel}","templated":true}]}}