{"id":3143,"date":"2020-03-08T00:33:43","date_gmt":"2020-03-08T03:33:43","guid":{"rendered":"http:\/\/portalmovil.com.ar\/?p=3143"},"modified":"2020-03-08T00:33:45","modified_gmt":"2020-03-08T03:33:45","slug":"capitanich-recibio-al-embajador-de-montenegro-para-retomar-una-agenda-bilateral-economica-y-cultural","status":"publish","type":"post","link":"https:\/\/portalmovil.com.ar\/index.php\/2020\/03\/08\/capitanich-recibio-al-embajador-de-montenegro-para-retomar-una-agenda-bilateral-economica-y-cultural\/","title":{"rendered":"Capitanich recibi\u00f3 al Embajador de Montenegro para retomar una agenda Bilateral econ\u00f3mica y cultural"},"content":{"rendered":"\n<p>El gobernador Jorge Capitanich Capitanich recibi\u00f3 este s\u00e1bado por la tarde al embajador de Montenegro Srdan Stankovic y parte de su comitiva, con el fin de construir lazos de cooperaci\u00f3n cultural y econ\u00f3mico. \u201cEste encuentro puede posibilitar que la provincia tenga una puerta de profundizaci\u00f3n de las relaciones diplom\u00e1ticas con los pa\u00edses de Los Balcanes\u201d, asegur\u00f3 Capitanich.<\/p>\n\n\n\n<p>Luego de la reuni\u00f3n, el mandatario destac\u00f3 que la reuni\u00f3n sirvi\u00f3 para continuar una base de relaciones institucionales y afianzar los lazos que comenzaron a gestarse en el 2013, cuando se abri\u00f3 en el pa\u00eds una embajada de Montenegro.<\/p>\n\n\n\n<p>En esa l\u00ednea, Stankovic le encomend\u00f3 a Jorge Capitanich un audiencia con la Vicepresidenta de la Naci\u00f3n, a partir de su entra\u00f1able cercan\u00eda. \u201cMe pidieron que interceda para lograr una reuni\u00f3n con Cristina Fern\u00e1ndez de Kirchner en la necesidad de construir una agenda en com\u00fan con un sistema de revisi\u00f3n semestral\u201d, remarc\u00f3.<br><br>\u201cEl intercambio comercial con Montenegro es muy escaso y esto abre un abanico de posibilidades muy interesante, no solo con Montenegro, sino con los pa\u00edses de Los Balcanes\u201d, destac\u00f3 el mandatario, que adem\u00e1s recibi\u00f3 la invitaci\u00f3n de parte del embajador para visitar Montenegro y continuar con la agenda de cooperaci\u00f3n propuesta.<br><br>El objetivo es que en el corto y mediano plazo el Gobierno pueda \u201cconstituir una agenda bilateral\u201d, dijo, y ampli\u00f3: \u201cvamos a hacer un gran esfuerzo para estrechar v\u00ednculos y en ese sentido ya extendimos nuestro deseo de traer a un escultor de Montenegro a que participe de la pr\u00f3xima Bienal en Resistencia\u201d.<\/p>\n\n\n\n<p>Por su parte, el embajador sostuvo que que se trat\u00f3 de un encuentro muy fruct\u00edfero, donde pudo visitar en S\u00e1enz Pe\u00f1a la Casa de Montenegro, la cual inaugur\u00f3 el presidente de Montenegro en el 2018. \u201cEs incre\u00edble visitar nuestras comunidades en Argentina, donde los ciudadanos son muy leales a nuestras costumbres\u201d, manifest\u00f3.<\/p>\n\n\n\n<p>Asimismo cont\u00f3 que la instituci\u00f3n de la Diaspora va a financiar algunos proyectos que tiene que ver con la promoci\u00f3n de la colectividad en la Argentina. \u201cLa Diaspora representa lo que son puentes entre dos pa\u00edses y puedo decir que solo representa un paso m\u00e1s en la relaci\u00f3n entre Montenegro y Argentina\u201d, se\u00f1al\u00f3, y agreg\u00f3 que \u201desto sin dudas abre posibilidades de proyectos futuros en la provincia\u201d.<\/p>\n","protected":false},"excerpt":{"rendered":"<p>El gobernador Jorge Capitanich Capitanich recibi\u00f3 este s\u00e1bado por la tarde al embajador de Montenegro Srdan Stankovic y parte de su comitiva, con el fin de construir lazos de cooperaci\u00f3n cultural y econ\u00f3mico. \u201cEste encuentro puede posibilitar que la provincia tenga una puerta de profundizaci\u00f3n de las relaciones diplom\u00e1ticas con los pa\u00edses de Los Balcanes\u201d, &hellip;<\/p>\n","protected":false},"author":2,"featured_media":3144,"comment_status":"open","ping_status":"open","sticky":false,"template":"","format":"standard","meta":{"_jetpack_memberships_contains_paid_content":false,"footnotes":"","jetpack_publicize_message":"","jetpack_publicize_feature_enabled":true,"jetpack_social_post_already_shared":true,"jetpack_social_options":{"image_generator_settings":{"template":"highway","default_image_id":0,"font":"","enabled":false},"version":2}},"categories":[5,14],"tags":[],"class_list":["post-3143","post","type-post","status-publish","format-standard","has-post-thumbnail","hentry","category-chaco","category-politica"],"jetpack_publicize_connections":[],"jetpack_featured_media_url":"https:\/\/portalmovil.com.ar\/wp-content\/uploads\/2020\/03\/ca4e8dd6767857f33e4d392bdeb32780.jpg","jetpack_sharing_enabled":true,"amp_enabled":true,"_links":{"self":[{"href":"https:\/\/portalmovil.com.ar\/index.php\/wp-json\/wp\/v2\/posts\/3143","targetHints":{"allow":["GET"]}}],"collection":[{"href":"https:\/\/portalmovil.com.ar\/index.php\/wp-json\/wp\/v2\/posts"}],"about":[{"href":"https:\/\/portalmovil.com.ar\/index.php\/wp-json\/wp\/v2\/types\/post"}],"author":[{"embeddable":true,"href":"https:\/\/portalmovil.com.ar\/index.php\/wp-json\/wp\/v2\/users\/2"}],"replies":[{"embeddable":true,"href":"https:\/\/portalmovil.com.ar\/index.php\/wp-json\/wp\/v2\/comments?post=3143"}],"version-history":[{"count":1,"href":"https:\/\/portalmovil.com.ar\/index.php\/wp-json\/wp\/v2\/posts\/3143\/revisions"}],"predecessor-version":[{"id":3145,"href":"https:\/\/portalmovil.com.ar\/index.php\/wp-json\/wp\/v2\/posts\/3143\/revisions\/3145"}],"wp:featuredmedia":[{"embeddable":true,"href":"https:\/\/portalmovil.com.ar\/index.php\/wp-json\/wp\/v2\/media\/3144"}],"wp:attachment":[{"href":"https:\/\/portalmovil.com.ar\/index.php\/wp-json\/wp\/v2\/media?parent=3143"}],"wp:term":[{"taxonomy":"category","embeddable":true,"href":"https:\/\/portalmovil.com.ar\/index.php\/wp-json\/wp\/v2\/categories?post=3143"},{"taxonomy":"post_tag","embeddable":true,"href":"https:\/\/portalmovil.com.ar\/index.php\/wp-json\/wp\/v2\/tags?post=3143"}],"curies":[{"name":"wp","href":"https:\/\/api.w.org\/{rel}","templated":true}]}}