{"id":31215,"date":"2021-06-27T09:18:35","date_gmt":"2021-06-27T12:18:35","guid":{"rendered":"https:\/\/portalmovil.com.ar\/?p=31215"},"modified":"2021-06-27T09:18:37","modified_gmt":"2021-06-27T12:18:37","slug":"diputado-de-la-ucr-quieren-prohibir-el-uso-del-lenguaje-inclusivo-dicen-que-su-uso-confunde-a-la-mayoria","status":"publish","type":"post","link":"https:\/\/portalmovil.com.ar\/index.php\/2021\/06\/27\/diputado-de-la-ucr-quieren-prohibir-el-uso-del-lenguaje-inclusivo-dicen-que-su-uso-confunde-a-la-mayoria\/","title":{"rendered":"Diputado de la UCR quieren prohibir el uso del lenguaje inclusivo: dicen que su uso \u201cconfunde a la mayor\u00eda\u201d"},"content":{"rendered":"\n<p>En la sexta sesi\u00f3n de la C\u00e1mara de Diputados se present\u00f3 un proyecto de ley que proh\u00edbe en documentos oficiales el lenguaje inclusivo, por considerarlo equivocado, que lejos de reafirmar un derecho, consigue generar confusiones que no constituyen un avance, sino un retroceso ling\u00fc\u00edstico y cultural.<\/p>\n\n\n\n<p>Mediante un proyecto de ley, el diputado Manuel Aguirre de la UCR, insta a prohibir el uso del denominado inclusivo, ya que considera que la utilizaci\u00f3n del errado sistema podr\u00eda generar en documentos oficiales confusiones sobre las personas y sus derechos por lo cual a falta de regulaci\u00f3n espec\u00edfica sobre el tema resulta apropiado que la legislaci\u00f3n local ejerza su competencia sobre el tema, prohibiendo su uso en el \u00e1mbito del estado provincial.<\/p>\n\n\n\n<p>Adem\u00e1s la iniciativa argumenta que \u201cen los \u00faltimos a\u00f1os se ha verificado la utilizaci\u00f3n irregular del femenino cuando corresponde utilizar el masculino como gen\u00e9rico para reafirmar la igualdad de g\u00e9nero denomin\u00e1ndose a ello \u201clenguaje inclusivo\u201d<\/p>\n\n\n\n<p>\u201cEsta forma equivocada del lenguaje, lejos de reafirmar un derecho, consigue generar confusiones que no constituyen un avance sino un retroceso ling\u00fc\u00edstico y cultural. El uso del gen\u00e9rico masculino resulta no solo aceptado culturalmente hace mucho tiempo, sino que no se vincula directamente con un g\u00e9nero sino es la derivaci\u00f3n del participio \u201cente\u201d del verbo ser\u201d, asegura el proyecto.<\/p>\n\n\n\n<p>Pero no obstante, en sus fundamentos no deja &nbsp;\u201cde reconocer el noble esfuerzo por generar una conciencia de igualdad de derechos para todos los habitantes del pa\u00eds, debe sin embargo se\u00f1alarse que generando una confusi\u00f3n sobre la base de un error conceptual no puede generarse firmeza, sino todo lo contrario\u201d, pero en esta l\u00ednea al solicitar la prohibici\u00f3n de su utilizaci\u00f3n sostiene que \u201cel lenguaje escrito debe ser preciso para evitar confusiones sobre los derechos que se refieran a la naturaleza de las cosas en relaci\u00f3n a los sujetos de derechos.<\/p>\n\n\n\n<p>Finalmente, el proyecto pas\u00f3 a la comisi\u00f3n de Derecho Humano y G\u00e9nero y Diversidad para su estudio.<\/p>\n","protected":false},"excerpt":{"rendered":"<p>En la sexta sesi\u00f3n de la C\u00e1mara de Diputados se present\u00f3 un proyecto de ley que proh\u00edbe en documentos oficiales el lenguaje inclusivo, por considerarlo equivocado, que lejos de reafirmar un derecho, consigue generar confusiones que no constituyen un avance, sino un retroceso ling\u00fc\u00edstico y cultural. Mediante un proyecto de ley, el diputado Manuel Aguirre &hellip;<\/p>\n","protected":false},"author":2,"featured_media":31216,"comment_status":"open","ping_status":"open","sticky":false,"template":"","format":"standard","meta":{"_jetpack_memberships_contains_paid_content":false,"footnotes":"","jetpack_publicize_message":"","jetpack_publicize_feature_enabled":true,"jetpack_social_post_already_shared":true,"jetpack_social_options":{"image_generator_settings":{"template":"highway","default_image_id":0,"font":"","enabled":false},"version":2}},"categories":[639,14],"tags":[],"class_list":["post-31215","post","type-post","status-publish","format-standard","has-post-thumbnail","hentry","category-argentina","category-politica"],"jetpack_publicize_connections":[],"jetpack_featured_media_url":"https:\/\/portalmovil.com.ar\/wp-content\/uploads\/2021\/06\/20210623100300_tod.jpg","jetpack_sharing_enabled":true,"amp_enabled":true,"_links":{"self":[{"href":"https:\/\/portalmovil.com.ar\/index.php\/wp-json\/wp\/v2\/posts\/31215","targetHints":{"allow":["GET"]}}],"collection":[{"href":"https:\/\/portalmovil.com.ar\/index.php\/wp-json\/wp\/v2\/posts"}],"about":[{"href":"https:\/\/portalmovil.com.ar\/index.php\/wp-json\/wp\/v2\/types\/post"}],"author":[{"embeddable":true,"href":"https:\/\/portalmovil.com.ar\/index.php\/wp-json\/wp\/v2\/users\/2"}],"replies":[{"embeddable":true,"href":"https:\/\/portalmovil.com.ar\/index.php\/wp-json\/wp\/v2\/comments?post=31215"}],"version-history":[{"count":1,"href":"https:\/\/portalmovil.com.ar\/index.php\/wp-json\/wp\/v2\/posts\/31215\/revisions"}],"predecessor-version":[{"id":31217,"href":"https:\/\/portalmovil.com.ar\/index.php\/wp-json\/wp\/v2\/posts\/31215\/revisions\/31217"}],"wp:featuredmedia":[{"embeddable":true,"href":"https:\/\/portalmovil.com.ar\/index.php\/wp-json\/wp\/v2\/media\/31216"}],"wp:attachment":[{"href":"https:\/\/portalmovil.com.ar\/index.php\/wp-json\/wp\/v2\/media?parent=31215"}],"wp:term":[{"taxonomy":"category","embeddable":true,"href":"https:\/\/portalmovil.com.ar\/index.php\/wp-json\/wp\/v2\/categories?post=31215"},{"taxonomy":"post_tag","embeddable":true,"href":"https:\/\/portalmovil.com.ar\/index.php\/wp-json\/wp\/v2\/tags?post=31215"}],"curies":[{"name":"wp","href":"https:\/\/api.w.org\/{rel}","templated":true}]}}