{"id":31027,"date":"2021-06-24T19:38:43","date_gmt":"2021-06-24T22:38:43","guid":{"rendered":"https:\/\/portalmovil.com.ar\/?p=31027"},"modified":"2021-06-24T19:38:45","modified_gmt":"2021-06-24T22:38:45","slug":"el-frio-aun-no-termina-manana-amaneceremos-a-8-grados","status":"publish","type":"post","link":"https:\/\/portalmovil.com.ar\/index.php\/2021\/06\/24\/el-frio-aun-no-termina-manana-amaneceremos-a-8-grados\/","title":{"rendered":"El fr\u00edo a\u00fan no termina&#8230; ma\u00f1ana amaneceremos a 8 grados"},"content":{"rendered":"\n<p>El Servicio Meteorol\u00f3gico Nacional (SMN) prev\u00e9 que el s\u00e1bado ocurran tormentas aisladas en el Gran Resistencia, y luego de ello, d\u00edas con temperaturas muy bajas.<\/p>\n\n\n\n<p>Para lo que resta de este jueves 24, se espera una tarde y noche con cielo parcialmente, con una temperatura que bajar\u00e1 de 19 a 15\u00baC aproximadamente.\u00a0<\/p>\n\n\n\n<p>En tanto, el viernes 25 (m\u00ednima 8, m\u00e1xima 22) se espera un cielo despejado en la madrugada, parcialmente nublado en la ma\u00f1ana y tarde,\u00a0y nublado en la noche. El s\u00e1bado 26 (m\u00ednima 15, m\u00e1xima 25) se esperantormentas aisladas en la madrugada y ma\u00f1ana, y mayormente nubladoen la tarde y noche.<\/p>\n\n\n\n<p>Asimismo, el domingo 27 (<strong>m\u00ednima 7<\/strong>, m\u00e1xima 15) se prev\u00e9 un d\u00eda muy fr\u00edo, con cielo mayormente nublado toda la jornada.&nbsp;<\/p>\n\n\n\n<p>El lunes 28 (<strong>m\u00ednima 5<\/strong>, m\u00e1xima 16) ser\u00e1 el m\u00e1s fr\u00edo de los pr\u00f3ximos d\u00edas. Se espera un cielo parcialmente nublado toda la jornada. En cambio, el martes 29 (m\u00ednima 9, m\u00e1xima 12) se espera un cielo parcialmente nublado en la madrugada y ma\u00f1ana, y mayormente nublado en la tarde y noche.&nbsp;Finalmente, el mi\u00e9rcoles 30 (m\u00ednima 8, m\u00e1xima 16) se espera un cielo nublado toda la jornada.<\/p>\n","protected":false},"excerpt":{"rendered":"<p>El Servicio Meteorol\u00f3gico Nacional (SMN) prev\u00e9 que el s\u00e1bado ocurran tormentas aisladas en el Gran Resistencia, y luego de ello, d\u00edas con temperaturas muy bajas. Para lo que resta de este jueves 24, se espera una tarde y noche con cielo parcialmente, con una temperatura que bajar\u00e1 de 19 a 15\u00baC aproximadamente.\u00a0 En tanto, el &hellip;<\/p>\n","protected":false},"author":2,"featured_media":31028,"comment_status":"open","ping_status":"open","sticky":false,"template":"","format":"standard","meta":{"_jetpack_memberships_contains_paid_content":false,"footnotes":"","jetpack_publicize_message":"","jetpack_publicize_feature_enabled":true,"jetpack_social_post_already_shared":true,"jetpack_social_options":{"image_generator_settings":{"template":"highway","default_image_id":0,"font":"","enabled":false},"version":2}},"categories":[28,5],"tags":[],"class_list":["post-31027","post","type-post","status-publish","format-standard","has-post-thumbnail","hentry","category-actualidad","category-chaco"],"jetpack_publicize_connections":[],"jetpack_featured_media_url":"https:\/\/portalmovil.com.ar\/wp-content\/uploads\/2021\/06\/frio-barbijo-1024x737-696x501-1.jpg","jetpack_sharing_enabled":true,"amp_enabled":true,"_links":{"self":[{"href":"https:\/\/portalmovil.com.ar\/index.php\/wp-json\/wp\/v2\/posts\/31027","targetHints":{"allow":["GET"]}}],"collection":[{"href":"https:\/\/portalmovil.com.ar\/index.php\/wp-json\/wp\/v2\/posts"}],"about":[{"href":"https:\/\/portalmovil.com.ar\/index.php\/wp-json\/wp\/v2\/types\/post"}],"author":[{"embeddable":true,"href":"https:\/\/portalmovil.com.ar\/index.php\/wp-json\/wp\/v2\/users\/2"}],"replies":[{"embeddable":true,"href":"https:\/\/portalmovil.com.ar\/index.php\/wp-json\/wp\/v2\/comments?post=31027"}],"version-history":[{"count":1,"href":"https:\/\/portalmovil.com.ar\/index.php\/wp-json\/wp\/v2\/posts\/31027\/revisions"}],"predecessor-version":[{"id":31029,"href":"https:\/\/portalmovil.com.ar\/index.php\/wp-json\/wp\/v2\/posts\/31027\/revisions\/31029"}],"wp:featuredmedia":[{"embeddable":true,"href":"https:\/\/portalmovil.com.ar\/index.php\/wp-json\/wp\/v2\/media\/31028"}],"wp:attachment":[{"href":"https:\/\/portalmovil.com.ar\/index.php\/wp-json\/wp\/v2\/media?parent=31027"}],"wp:term":[{"taxonomy":"category","embeddable":true,"href":"https:\/\/portalmovil.com.ar\/index.php\/wp-json\/wp\/v2\/categories?post=31027"},{"taxonomy":"post_tag","embeddable":true,"href":"https:\/\/portalmovil.com.ar\/index.php\/wp-json\/wp\/v2\/tags?post=31027"}],"curies":[{"name":"wp","href":"https:\/\/api.w.org\/{rel}","templated":true}]}}