{"id":3090,"date":"2020-03-06T18:25:16","date_gmt":"2020-03-06T21:25:16","guid":{"rendered":"http:\/\/portalmovil.com.ar\/?p=3090"},"modified":"2020-03-06T18:27:22","modified_gmt":"2020-03-06T21:27:22","slug":"el-gobierno-provincial-solicito-ante-el-fonplata-financiamiento-para-hospitales-y-escuelas","status":"publish","type":"post","link":"https:\/\/portalmovil.com.ar\/index.php\/2020\/03\/06\/el-gobierno-provincial-solicito-ante-el-fonplata-financiamiento-para-hospitales-y-escuelas\/","title":{"rendered":"El Gobierno Provincial solicit\u00f3 ante el FONPLATA financiamiento para hospitales y escuelas"},"content":{"rendered":"\n<p>El gobernador Jorge Capitanich disert\u00f3 este viernes en el Primer Foro de Integraci\u00f3n y Desarrollo de FONPLATA, en Montevideo, Uruguay, y solicit\u00f3 financiamiento para obras de refacci\u00f3n en 400 escuelas y asistencia inmediata al Hospital Perrando. <\/p>\n\n\n\n<p>Se trata de 15 millones de d\u00f3lares \u201cde asignaci\u00f3n r\u00e1pida\u201d para infraestructura y equipamiento, y un proyecto de 50 millones de d\u00f3lares para toda la red sanitaria de la provincia. Tambi\u00e9n present\u00f3 proyectos para la reparaci\u00f3n de 400 escuelas, y financiamiento de cloacas y agua potable. \u201cTenemos que romper el paradigma de la centralizaci\u00f3n y dise\u00f1ar pol\u00edticas p\u00fablicas que construyan un federalismo real entre nuestras provincias y nuestros pa\u00edses\u201d, remarc\u00f3 el gobernador chaque\u00f1o.<\/p>\n\n\n\n<p>Una de las solicitudes m\u00e1s importantes que el mandatario hizo a los referentes del organismo internacional de cr\u00e9dito, encabezados por su presidente Juan Notaro, fue la l\u00ednea de financiamiento para el fortalecimiento del sistema de salud p\u00fablica.<\/p>\n\n\n\n<p> Tambi\u00e9n se entreg\u00f3 el obras nuevas y reparaciones para hospitales y centros de salud con equipamiento de calidad para mejorar la atenci\u00f3n sanitaria. A ese pedido, el gobernador agreg\u00f3 otros vinculados al sistema educativo y que tienen que ver con algunos de los anuncios que hizo el lunes pasado al inaugurar las clases en El Impenetrable.<\/p>\n\n\n\n<p>Esta mesa de trabajo estuvo compuesta adem\u00e1s por la gerenta de Operaciones y Pa\u00edses del organismo, Luciana Botafogo; la coordinadora de FONPLATA por Argentina, Jessica Felez; y el senador nacional chaque\u00f1o Antonio Rodas. Junto a funcionarios de Brasil, Paraguay y Uruguay, el mandatario disert\u00f3 y marc\u00f3 la relevancia que tienen los organismos multilaterales de cr\u00e9dito en el desarrollo sostenible de las econom\u00edas, as\u00ed como el rol de la infraestructura y del transporte multimodal integrado como fuentes din\u00e1micas de crecimiento. \u201cNecesitamos descentralizar estrategias o procesos de integraci\u00f3n, tenemos que romper el paradigma de la centralizaci\u00f3n y dise\u00f1ar pol\u00edticas p\u00fablicas para la construcci\u00f3n de un federalismo real entre nuestras provincias y nuestros pa\u00edses\u201d, insisti\u00f3 Capitanich.<\/p>\n\n\n\n<figure class=\"wp-block-image\"><img decoding=\"async\" src=\"https:\/\/viapais.com.ar\/files\/2020\/03\/20200306203843_41752827_0_body-768x511.jpg\" alt=\"El gobernador utiliz\u00f3 su disertaci\u00f3n en el Foro de Integraci\u00f3n y Desarrollo desarrollado este viernes en Montevideo, Uruguay.\"\/><\/figure>\n\n\n\n<p>En un momento de su presentaci\u00f3n, el gobernador chaque\u00f1o destac\u00f3 la necesidad de profundizar la integraci\u00f3n regional en materia de transporte multimodal y destac\u00f3 la importancia del tratado de la hidrov\u00eda Paran\u00e1 \u2013 Paraguay para lograr este fin. \u201cEs un contrato que rige desde el a\u00f1o 1995 y que implic\u00f3 el ingreso de buques de mayor porte, aportando una base para el desarrollo productivo de la regi\u00f3n\u201d. En esa l\u00ednea, y en vistas a que este acuerdo vence en abril de 2021, expuso una serie de aspectos para ser abordados y analizados entre los pa\u00edses signatarios en pos de fortalecer esa herramienta de integraci\u00f3n. \u201cNo cabe dudas que es la herramienta m\u00e1s competitiva que se puede generar en un proceso de integraci\u00f3n. <\/p>\n\n\n\n<p>Para ello, los pasos a seguir son: la constituci\u00f3n de una agencia federal con la participaci\u00f3n de las provincias consignatarias; la concreci\u00f3n de una licitaci\u00f3n p\u00fablica de car\u00e1cter nacional e internacional que permita mejorar las condiciones de dragado y se\u00f1alizaci\u00f3n y balizamiento; la necesidad de que el tratado pueda ser debatido en profundidad desde las obras necesarias con la integraci\u00f3n de los pa\u00edses, a los efectos de tener una hidrov\u00eda que sea una verdadera y aut\u00e9ntica autopista fluvial en toda su extensi\u00f3n; una discusi\u00f3n respecto a los alcances el tratado, sus protocolos y art\u00edculos; y la correcci\u00f3n de asimetr\u00edas (en materia tributaria, laboral, de producci\u00f3n y cabotaje, de competitividad y log\u00edstica integral) existentes.<\/p>\n","protected":false},"excerpt":{"rendered":"<p>El gobernador Jorge Capitanich disert\u00f3 este viernes en el Primer Foro de Integraci\u00f3n y Desarrollo de FONPLATA, en Montevideo, Uruguay, y solicit\u00f3 financiamiento para obras de refacci\u00f3n en 400 escuelas y asistencia inmediata al Hospital Perrando. Se trata de 15 millones de d\u00f3lares \u201cde asignaci\u00f3n r\u00e1pida\u201d para infraestructura y equipamiento, y un proyecto de 50 &hellip;<\/p>\n","protected":false},"author":2,"featured_media":3091,"comment_status":"open","ping_status":"open","sticky":false,"template":"","format":"standard","meta":{"_jetpack_memberships_contains_paid_content":false,"footnotes":"","jetpack_publicize_message":"","jetpack_publicize_feature_enabled":true,"jetpack_social_post_already_shared":true,"jetpack_social_options":{"image_generator_settings":{"template":"highway","default_image_id":0,"font":"","enabled":false},"version":2}},"categories":[5,14,12],"tags":[],"class_list":["post-3090","post","type-post","status-publish","format-standard","has-post-thumbnail","hentry","category-chaco","category-politica","category-ultimo"],"jetpack_publicize_connections":[],"jetpack_featured_media_url":"https:\/\/portalmovil.com.ar\/wp-content\/uploads\/2020\/03\/8a32c7bce0d800594fbb66c3a9b44a07.jpg","jetpack_sharing_enabled":true,"amp_enabled":true,"_links":{"self":[{"href":"https:\/\/portalmovil.com.ar\/index.php\/wp-json\/wp\/v2\/posts\/3090","targetHints":{"allow":["GET"]}}],"collection":[{"href":"https:\/\/portalmovil.com.ar\/index.php\/wp-json\/wp\/v2\/posts"}],"about":[{"href":"https:\/\/portalmovil.com.ar\/index.php\/wp-json\/wp\/v2\/types\/post"}],"author":[{"embeddable":true,"href":"https:\/\/portalmovil.com.ar\/index.php\/wp-json\/wp\/v2\/users\/2"}],"replies":[{"embeddable":true,"href":"https:\/\/portalmovil.com.ar\/index.php\/wp-json\/wp\/v2\/comments?post=3090"}],"version-history":[{"count":1,"href":"https:\/\/portalmovil.com.ar\/index.php\/wp-json\/wp\/v2\/posts\/3090\/revisions"}],"predecessor-version":[{"id":3092,"href":"https:\/\/portalmovil.com.ar\/index.php\/wp-json\/wp\/v2\/posts\/3090\/revisions\/3092"}],"wp:featuredmedia":[{"embeddable":true,"href":"https:\/\/portalmovil.com.ar\/index.php\/wp-json\/wp\/v2\/media\/3091"}],"wp:attachment":[{"href":"https:\/\/portalmovil.com.ar\/index.php\/wp-json\/wp\/v2\/media?parent=3090"}],"wp:term":[{"taxonomy":"category","embeddable":true,"href":"https:\/\/portalmovil.com.ar\/index.php\/wp-json\/wp\/v2\/categories?post=3090"},{"taxonomy":"post_tag","embeddable":true,"href":"https:\/\/portalmovil.com.ar\/index.php\/wp-json\/wp\/v2\/tags?post=3090"}],"curies":[{"name":"wp","href":"https:\/\/api.w.org\/{rel}","templated":true}]}}