{"id":30897,"date":"2021-06-23T17:07:10","date_gmt":"2021-06-23T20:07:10","guid":{"rendered":"https:\/\/portalmovil.com.ar\/?p=30897"},"modified":"2021-06-23T17:07:12","modified_gmt":"2021-06-23T20:07:12","slug":"los-bomberos-de-la-zona-sur-contaran-con-un-cuartel-acorde-a-la-tarea-solidaria-que-realizan","status":"publish","type":"post","link":"https:\/\/portalmovil.com.ar\/index.php\/2021\/06\/23\/los-bomberos-de-la-zona-sur-contaran-con-un-cuartel-acorde-a-la-tarea-solidaria-que-realizan\/","title":{"rendered":"Los Bomberos de la Zona Sur contar\u00e1n con un cuartel acorde a la tarea solidaria que realizan"},"content":{"rendered":"\n<p>El ministro de Gobierno y Trabajo Juan Manuel Chapo firm\u00f3 un convenio con el presidente de la Asociaci\u00f3n Civil de Bomberos Voluntarios de la Zona Sur Am\u00e9rico Arias para la refacci\u00f3n y construcci\u00f3n del cuartel de bomberos ubicado en la zona de La Terminal (calle Mansilla y Suero). La obra tendr\u00e1 una inversi\u00f3n de 6.896.127 millones de pesos y el plazo para la ejecuci\u00f3n es de tres a cuatro meses.<\/p>\n\n\n\n<p>De esta manera, se construir\u00e1n espacios de descanso, habitaciones, cocina, sanitarios, lugar para todas las operaciones de log\u00edsticas, estacionamiento para autobombas y veh\u00edculos de intervenci\u00f3n r\u00e1pida. Estas obras se suman a las que se est\u00e1n realizando en Barranqueras y las que se har\u00e1n en Colonia Aborigen, para optimizar las condiciones de servicio en la provincia.<\/p>\n\n\n\n<p>\u201cLas y los bomberos voluntarios han mostrado siempre una vocaci\u00f3n muy profunda de colaborar con la comunidad y queremos dotarlos de las mejores condiciones posibles\u201d, indic\u00f3 Chapo. El subsecretario de Protecci\u00f3n Civil Mario Sandoval destac\u00f3 la importancia de dotar del equipamiento necesario a las personas que realizan este trabajo tan importante para la sociedad en toda la provincia.<\/p>\n","protected":false},"excerpt":{"rendered":"<p>El ministro de Gobierno y Trabajo Juan Manuel Chapo firm\u00f3 un convenio con el presidente de la Asociaci\u00f3n Civil de Bomberos Voluntarios de la Zona Sur Am\u00e9rico Arias para la refacci\u00f3n y construcci\u00f3n del cuartel de bomberos ubicado en la zona de La Terminal (calle Mansilla y Suero). La obra tendr\u00e1 una inversi\u00f3n de 6.896.127 &hellip;<\/p>\n","protected":false},"author":2,"featured_media":30898,"comment_status":"open","ping_status":"open","sticky":false,"template":"","format":"standard","meta":{"_jetpack_memberships_contains_paid_content":false,"footnotes":"","jetpack_publicize_message":"","jetpack_publicize_feature_enabled":true,"jetpack_social_post_already_shared":true,"jetpack_social_options":{"image_generator_settings":{"template":"highway","default_image_id":0,"font":"","enabled":false},"version":2}},"categories":[14,37],"tags":[],"class_list":["post-30897","post","type-post","status-publish","format-standard","has-post-thumbnail","hentry","category-politica","category-resistencia"],"jetpack_publicize_connections":[],"jetpack_featured_media_url":"https:\/\/portalmovil.com.ar\/wp-content\/uploads\/2021\/06\/FB_IMG_1624478524021.jpg","jetpack_sharing_enabled":true,"amp_enabled":true,"_links":{"self":[{"href":"https:\/\/portalmovil.com.ar\/index.php\/wp-json\/wp\/v2\/posts\/30897","targetHints":{"allow":["GET"]}}],"collection":[{"href":"https:\/\/portalmovil.com.ar\/index.php\/wp-json\/wp\/v2\/posts"}],"about":[{"href":"https:\/\/portalmovil.com.ar\/index.php\/wp-json\/wp\/v2\/types\/post"}],"author":[{"embeddable":true,"href":"https:\/\/portalmovil.com.ar\/index.php\/wp-json\/wp\/v2\/users\/2"}],"replies":[{"embeddable":true,"href":"https:\/\/portalmovil.com.ar\/index.php\/wp-json\/wp\/v2\/comments?post=30897"}],"version-history":[{"count":1,"href":"https:\/\/portalmovil.com.ar\/index.php\/wp-json\/wp\/v2\/posts\/30897\/revisions"}],"predecessor-version":[{"id":30899,"href":"https:\/\/portalmovil.com.ar\/index.php\/wp-json\/wp\/v2\/posts\/30897\/revisions\/30899"}],"wp:featuredmedia":[{"embeddable":true,"href":"https:\/\/portalmovil.com.ar\/index.php\/wp-json\/wp\/v2\/media\/30898"}],"wp:attachment":[{"href":"https:\/\/portalmovil.com.ar\/index.php\/wp-json\/wp\/v2\/media?parent=30897"}],"wp:term":[{"taxonomy":"category","embeddable":true,"href":"https:\/\/portalmovil.com.ar\/index.php\/wp-json\/wp\/v2\/categories?post=30897"},{"taxonomy":"post_tag","embeddable":true,"href":"https:\/\/portalmovil.com.ar\/index.php\/wp-json\/wp\/v2\/tags?post=30897"}],"curies":[{"name":"wp","href":"https:\/\/api.w.org\/{rel}","templated":true}]}}