{"id":30776,"date":"2021-06-22T17:55:28","date_gmt":"2021-06-22T20:55:28","guid":{"rendered":"https:\/\/portalmovil.com.ar\/?p=30776"},"modified":"2021-06-22T17:55:32","modified_gmt":"2021-06-22T20:55:32","slug":"licitaron-obras-para-jardines-de-infantes-en-fontana-y-las-brenas","status":"publish","type":"post","link":"https:\/\/portalmovil.com.ar\/index.php\/2021\/06\/22\/licitaron-obras-para-jardines-de-infantes-en-fontana-y-las-brenas\/","title":{"rendered":"Licitaron obras para jardines de infantes en Fontana y Las Bre\u00f1as"},"content":{"rendered":"\n<p>El Gobierno provincial, a trav\u00e9s del Ministerio de Educaci\u00f3n realiz\u00f3 este martes la apertura de sobre de dos licitaciones p\u00fablicas para la ampliaci\u00f3n de un jard\u00edn de infantes en Fontana y la construcci\u00f3n de otro en zona rural de Las Bre\u00f1as.<\/p>\n\n\n\n<p>Primeramente, se hizo la apertura de sobre de la Licitaci\u00f3n P\u00fablica N\u00b0 05\/21 para la ampliaci\u00f3n del Jard\u00edn de Infantes N\u00b0 166 de la Fontana, que tiene un presupuesto oficial de $15.968.478,89. La obra consiste en la construcci\u00f3n de 3 salas de Nivel Inicial con sanitario, galer\u00eda y equipamiento, que ser\u00e1 financiada por el Programa Nacional 46 de Fortalecimiento Edilicio de Jardines de Infantes. Se presentaron dos empresas oferentes: Comer &amp; Ing. Construcciones, Zentra Construcciones SRL.<\/p>\n\n\n\n<p>Luego se llev\u00f3 adelante la apertura de sobres de la Licitaci\u00f3n P\u00fablica N\u00b0 06\/21 para la edificaci\u00f3n del Jard\u00edn de Infantes anexo a la Escuela de Educaci\u00f3n Primaria (EEP) N\u00b0 690 del Paraje Las Piedritas de Las Bre\u00f1as por un presupuesto oficial de $9.093.874,19. Se prev\u00e9 la construcci\u00f3n de sala de Nivel Inicial con sanitario, galer\u00eda y equipamientos, tambi\u00e9n con financiamiento del Programa 46. Presentaron sus ofertas tres empresas: Nova SRL, Taller 1 y Nordeste Constructora.<\/p>\n\n\n\n<p>El acto de apertura de sobres se llev\u00f3 a cabo en el sal\u00f3n de reuniones del Ministerio de Educaci\u00f3n de la provincia, y fue presidido por el subsecretario de Infraestructura Escolar de la Provincia, Rodrigo Mart\u00edn Morilla.<\/p>\n\n\n\n<p>En la oportunidad, el subsecretario Morilla manifest\u00f3 que la concreci\u00f3n de estas dos obras se realiza en el marco de las mejoras y de nuevos jardines que se llevan adelante, para satisfacer la demanda por el crecimiento vegetativo de la matr\u00edcula, en este caso de Fontana y en esa zona rural de Las Bre\u00f1as.<\/p>\n\n\n\n<p>El funcionario puntualiz\u00f3 que cuentan con el financiamiento de Naci\u00f3n y que son proyectos ejecutados por el equipo t\u00e9cnico de la Subsecretar\u00eda de Infraestructura Escolar de la Provincia.<\/p>\n\n\n\n<p>A la vez, destac\u00f3 que en esta misma l\u00ednea est\u00e1n en marcha las obras de siete jardines de infantes nuevos en Miraflores, Fontana, Colonias Unidas, La Leonesa, Castelli, Samuh\u00fa y Resistencia, asegurando que \u201ces una prioridad de gobierno, tanto de Naci\u00f3n como de Provincia, trabajar para fortalecer el Nivel Inicial y as\u00ed lograr la universalizaci\u00f3n de las salas de 3 y 4 a\u00f1os, y mejorar las salas de 5, para garantizar el derecho social a la educaci\u00f3n de los ni\u00f1os y de las ni\u00f1as, generando las condiciones de equidad para que todos y todas tengan las mismas oportunidades de aprender a trav\u00e9s del juego\u201d.<\/p>\n","protected":false},"excerpt":{"rendered":"<p>El Gobierno provincial, a trav\u00e9s del Ministerio de Educaci\u00f3n realiz\u00f3 este martes la apertura de sobre de dos licitaciones p\u00fablicas para la ampliaci\u00f3n de un jard\u00edn de infantes en Fontana y la construcci\u00f3n de otro en zona rural de Las Bre\u00f1as. Primeramente, se hizo la apertura de sobre de la Licitaci\u00f3n P\u00fablica N\u00b0 05\/21 para &hellip;<\/p>\n","protected":false},"author":2,"featured_media":30777,"comment_status":"open","ping_status":"open","sticky":false,"template":"","format":"standard","meta":{"_jetpack_memberships_contains_paid_content":false,"footnotes":"","jetpack_publicize_message":"","jetpack_publicize_feature_enabled":true,"jetpack_social_post_already_shared":true,"jetpack_social_options":{"image_generator_settings":{"template":"highway","default_image_id":0,"font":"","enabled":false},"version":2}},"categories":[28,5],"tags":[],"class_list":["post-30776","post","type-post","status-publish","format-standard","has-post-thumbnail","hentry","category-actualidad","category-chaco"],"jetpack_publicize_connections":[],"jetpack_featured_media_url":"https:\/\/portalmovil.com.ar\/wp-content\/uploads\/2021\/06\/a139524335095_a8bca8c888_o.jpg","jetpack_sharing_enabled":true,"amp_enabled":true,"_links":{"self":[{"href":"https:\/\/portalmovil.com.ar\/index.php\/wp-json\/wp\/v2\/posts\/30776","targetHints":{"allow":["GET"]}}],"collection":[{"href":"https:\/\/portalmovil.com.ar\/index.php\/wp-json\/wp\/v2\/posts"}],"about":[{"href":"https:\/\/portalmovil.com.ar\/index.php\/wp-json\/wp\/v2\/types\/post"}],"author":[{"embeddable":true,"href":"https:\/\/portalmovil.com.ar\/index.php\/wp-json\/wp\/v2\/users\/2"}],"replies":[{"embeddable":true,"href":"https:\/\/portalmovil.com.ar\/index.php\/wp-json\/wp\/v2\/comments?post=30776"}],"version-history":[{"count":1,"href":"https:\/\/portalmovil.com.ar\/index.php\/wp-json\/wp\/v2\/posts\/30776\/revisions"}],"predecessor-version":[{"id":30778,"href":"https:\/\/portalmovil.com.ar\/index.php\/wp-json\/wp\/v2\/posts\/30776\/revisions\/30778"}],"wp:featuredmedia":[{"embeddable":true,"href":"https:\/\/portalmovil.com.ar\/index.php\/wp-json\/wp\/v2\/media\/30777"}],"wp:attachment":[{"href":"https:\/\/portalmovil.com.ar\/index.php\/wp-json\/wp\/v2\/media?parent=30776"}],"wp:term":[{"taxonomy":"category","embeddable":true,"href":"https:\/\/portalmovil.com.ar\/index.php\/wp-json\/wp\/v2\/categories?post=30776"},{"taxonomy":"post_tag","embeddable":true,"href":"https:\/\/portalmovil.com.ar\/index.php\/wp-json\/wp\/v2\/tags?post=30776"}],"curies":[{"name":"wp","href":"https:\/\/api.w.org\/{rel}","templated":true}]}}