{"id":3070,"date":"2020-03-06T15:59:20","date_gmt":"2020-03-06T18:59:20","guid":{"rendered":"http:\/\/portalmovil.com.ar\/?p=3070"},"modified":"2020-03-06T16:08:32","modified_gmt":"2020-03-06T19:08:32","slug":"dengue-71-casos-confirmados-entre-ellos-una-mujer-embarazada-en-saenz-pena","status":"publish","type":"post","link":"https:\/\/portalmovil.com.ar\/index.php\/2020\/03\/06\/dengue-71-casos-confirmados-entre-ellos-una-mujer-embarazada-en-saenz-pena\/","title":{"rendered":"Dengue: 71 casos confirmados, entre ellos una mujer embarazada en S\u00e1enz Pe\u00f1a"},"content":{"rendered":"\n<p>El subsecretario de Salud P\u00fablica del Chaco, Alejandro Garc\u00eda, inform\u00f3 este viernes que hay 850 casos notificados de dengue, 248 positivos y 71 confirmados (cifra similar a los confirmados el jueves).<\/p>\n\n\n\n<p>En el parte diario sobre la situaci\u00f3n de la enfermedad, Garc\u00eda coment\u00f3 en conferencia de prensa que el tipo de virus que m\u00e1s est\u00e1 circulando en la provincia es el DEN4, con 52 casos. Adem\u00e1s, del total de confirmados, s\u00f3lo el 21% tienen antecedentes de viaje, es decir que son aut\u00f3ctonos.<\/p>\n\n\n\n<p>\u201cEn las \u00faltimas horas tuvimos internaci\u00f3n por casos de dengue en S\u00e1enz Pe\u00f1a. Es una mujer embarazada que est\u00e1 con todas las medidas de aislamiento, con controles multi e interdisciplinario, con obstetras, cl\u00ednicos e infect\u00f3logos. Con una buena evoluci\u00f3n, tanto ella como su beb\u00e9\u201d, a\u00f1adi\u00f3 el funcionario.<\/p>\n\n\n\n<p>\u201cTambi\u00e9n hemos tenido un caso de internaci\u00f3n en el Perrando que tambi\u00e9n evolucion\u00f3 favorablemente\u201d, a\u00f1adi\u00f3.<\/p>\n\n\n\n<p>\u201cPor el momento seguimos sin tener casos de dengue grave o dengue hemorr\u00e1gico\u201d, aclar\u00f3 el funcionario.<\/p>\n\n\n\n<p>Garc\u00eda coment\u00f3 adem\u00e1s que se contin\u00faa con las medidas de bloqueo de foco, que constituye la b\u00fasqueda de febriles, la fumigaci\u00f3n y seguimiento de pacientes, sumado al descacharrado.<\/p>\n\n\n\n<p>\u201cEste viernes va a haber brigadas en varios puntos de Resistencia: en Don Bosco al 30, en el barrio Juan Garay, en Santiago del Estero al 30 y en Castelli al 400\u201d, cont\u00f3.<\/p>\n\n\n\n<p>\u201cVolvemos a hacer hincapi\u00e9 en la promoci\u00f3n de la salud y el trabajo mancomunado con los vecinos. Necesitamos que contin\u00faen con la tarea de descacharrado desde cada domicilio, que contin\u00faen con las pautas de alarma, que no se automediquen y que concurran al m\u00e9dico\u201d, record\u00f3.<\/p>\n","protected":false},"excerpt":{"rendered":"<p>El subsecretario de Salud P\u00fablica del Chaco, Alejandro Garc\u00eda, inform\u00f3 este viernes que hay 850 casos notificados de dengue, 248 positivos y 71 confirmados (cifra similar a los confirmados el jueves). En el parte diario sobre la situaci\u00f3n de la enfermedad, Garc\u00eda coment\u00f3 en conferencia de prensa que el tipo de virus que m\u00e1s est\u00e1 &hellip;<\/p>\n","protected":false},"author":2,"featured_media":3071,"comment_status":"open","ping_status":"open","sticky":false,"template":"","format":"standard","meta":{"_jetpack_memberships_contains_paid_content":false,"footnotes":"","jetpack_publicize_message":"","jetpack_publicize_feature_enabled":true,"jetpack_social_post_already_shared":true,"jetpack_social_options":{"image_generator_settings":{"template":"highway","default_image_id":0,"font":"","enabled":false},"version":2}},"categories":[5,46,12],"tags":[227,336],"class_list":["post-3070","post","type-post","status-publish","format-standard","has-post-thumbnail","hentry","category-chaco","category-salud","category-ultimo","tag-denge","tag-reporte"],"jetpack_publicize_connections":[],"jetpack_featured_media_url":"https:\/\/portalmovil.com.ar\/wp-content\/uploads\/2020\/03\/unnamed-9.jpg","jetpack_sharing_enabled":true,"amp_enabled":true,"_links":{"self":[{"href":"https:\/\/portalmovil.com.ar\/index.php\/wp-json\/wp\/v2\/posts\/3070","targetHints":{"allow":["GET"]}}],"collection":[{"href":"https:\/\/portalmovil.com.ar\/index.php\/wp-json\/wp\/v2\/posts"}],"about":[{"href":"https:\/\/portalmovil.com.ar\/index.php\/wp-json\/wp\/v2\/types\/post"}],"author":[{"embeddable":true,"href":"https:\/\/portalmovil.com.ar\/index.php\/wp-json\/wp\/v2\/users\/2"}],"replies":[{"embeddable":true,"href":"https:\/\/portalmovil.com.ar\/index.php\/wp-json\/wp\/v2\/comments?post=3070"}],"version-history":[{"count":2,"href":"https:\/\/portalmovil.com.ar\/index.php\/wp-json\/wp\/v2\/posts\/3070\/revisions"}],"predecessor-version":[{"id":3076,"href":"https:\/\/portalmovil.com.ar\/index.php\/wp-json\/wp\/v2\/posts\/3070\/revisions\/3076"}],"wp:featuredmedia":[{"embeddable":true,"href":"https:\/\/portalmovil.com.ar\/index.php\/wp-json\/wp\/v2\/media\/3071"}],"wp:attachment":[{"href":"https:\/\/portalmovil.com.ar\/index.php\/wp-json\/wp\/v2\/media?parent=3070"}],"wp:term":[{"taxonomy":"category","embeddable":true,"href":"https:\/\/portalmovil.com.ar\/index.php\/wp-json\/wp\/v2\/categories?post=3070"},{"taxonomy":"post_tag","embeddable":true,"href":"https:\/\/portalmovil.com.ar\/index.php\/wp-json\/wp\/v2\/tags?post=3070"}],"curies":[{"name":"wp","href":"https:\/\/api.w.org\/{rel}","templated":true}]}}