{"id":30648,"date":"2021-06-21T11:10:58","date_gmt":"2021-06-21T14:10:58","guid":{"rendered":"https:\/\/portalmovil.com.ar\/?p=30648"},"modified":"2021-06-21T11:11:02","modified_gmt":"2021-06-21T14:11:02","slug":"en-octubre-volveria-el-publico-a-los-estadios-de-futbol","status":"publish","type":"post","link":"https:\/\/portalmovil.com.ar\/index.php\/2021\/06\/21\/en-octubre-volveria-el-publico-a-los-estadios-de-futbol\/","title":{"rendered":"En octubre volver\u00eda el p\u00fablico a los estadios de f\u00fatbol"},"content":{"rendered":"\n<p>El ministro de Deportes y Turismo,\u00a0Mat\u00edas Lammens, ratific\u00f3 este domingo por la noche en <strong>C5N<\/strong>, que en el \u00faltimo trimestre podr\u00eda volver el p\u00fablico con un aforo reducido en los estadios de f\u00fatbol, pero tambi\u00e9n en otros espect\u00e1culos masivos como recitales.<\/p>\n\n\n\n<p><strong>\u00abTenemos la estimaci\u00f3n que en el \u00faltimo trimestre, sobre octubre, podremos estar ya permitiendo, con un determinado aforo y algunas particularidades, que ya haya p\u00fablico en los estadios y eventos masivos\u00bb<\/strong>, anticip\u00f3 Lammens en Hagan Algo.<\/p>\n\n\n\n<figure class=\"wp-block-embed is-type-rich is-provider-twitter wp-block-embed-twitter\"><div class=\"wp-block-embed__wrapper\">\n<div class=\"embed-twitter\"><blockquote class=\"twitter-tweet\" data-width=\"500\" data-dnt=\"true\"><p lang=\"es\" dir=\"ltr\">\u2b55<a href=\"https:\/\/twitter.com\/hashtag\/AHORA?src=hash&amp;ref_src=twsrc%5Etfw\">#AHORA<\/a><br><br>&quot;Tenemos la estimaci\u00f3n que en el \u00faltimo trimestre, sobre octubre, podemos estar ya permitiendo con un determinado aforo y algunas particularidades que ya haya p\u00fablico en los estadios y en eventos masivos&quot;, anticip\u00f3 el ministro <a href=\"https:\/\/twitter.com\/MatiasLammens?ref_src=twsrc%5Etfw\">@MatiasLammens<\/a> en <a href=\"https:\/\/twitter.com\/hashtag\/HaganAlgo?src=hash&amp;ref_src=twsrc%5Etfw\">#HaganAlgo<\/a> con <a href=\"https:\/\/twitter.com\/ischargro?ref_src=twsrc%5Etfw\">@ischargro<\/a> <a href=\"https:\/\/t.co\/J9wTokVg96\">pic.twitter.com\/J9wTokVg96<\/a><\/p>&mdash; C5N (@C5N) <a href=\"https:\/\/twitter.com\/C5N\/status\/1406794676884152320?ref_src=twsrc%5Etfw\">June 21, 2021<\/a><\/blockquote><script async src=\"https:\/\/platform.twitter.com\/widgets.js\" charset=\"utf-8\"><\/script><\/div>\n<\/div><\/figure>\n","protected":false},"excerpt":{"rendered":"<p>El ministro de Deportes y Turismo,\u00a0Mat\u00edas Lammens, ratific\u00f3 este domingo por la noche en C5N, que en el \u00faltimo trimestre podr\u00eda volver el p\u00fablico con un aforo reducido en los estadios de f\u00fatbol, pero tambi\u00e9n en otros espect\u00e1culos masivos como recitales. \u00abTenemos la estimaci\u00f3n que en el \u00faltimo trimestre, sobre octubre, podremos estar ya permitiendo, &hellip;<\/p>\n","protected":false},"author":2,"featured_media":30652,"comment_status":"open","ping_status":"open","sticky":false,"template":"","format":"standard","meta":{"_jetpack_memberships_contains_paid_content":false,"footnotes":"","jetpack_publicize_message":"","jetpack_publicize_feature_enabled":true,"jetpack_social_post_already_shared":true,"jetpack_social_options":{"image_generator_settings":{"template":"highway","default_image_id":0,"font":"","enabled":false},"version":2}},"categories":[639,15],"tags":[],"class_list":["post-30648","post","type-post","status-publish","format-standard","has-post-thumbnail","hentry","category-argentina","category-deportes"],"jetpack_publicize_connections":[],"jetpack_featured_media_url":"https:\/\/portalmovil.com.ar\/wp-content\/uploads\/2021\/06\/multimedia.normal.916e19eb2231fb7b.7075626c69636f5f6e6f726d616c2e6a7067-e1612872415896.jpg","jetpack_sharing_enabled":true,"amp_enabled":true,"_links":{"self":[{"href":"https:\/\/portalmovil.com.ar\/index.php\/wp-json\/wp\/v2\/posts\/30648","targetHints":{"allow":["GET"]}}],"collection":[{"href":"https:\/\/portalmovil.com.ar\/index.php\/wp-json\/wp\/v2\/posts"}],"about":[{"href":"https:\/\/portalmovil.com.ar\/index.php\/wp-json\/wp\/v2\/types\/post"}],"author":[{"embeddable":true,"href":"https:\/\/portalmovil.com.ar\/index.php\/wp-json\/wp\/v2\/users\/2"}],"replies":[{"embeddable":true,"href":"https:\/\/portalmovil.com.ar\/index.php\/wp-json\/wp\/v2\/comments?post=30648"}],"version-history":[{"count":1,"href":"https:\/\/portalmovil.com.ar\/index.php\/wp-json\/wp\/v2\/posts\/30648\/revisions"}],"predecessor-version":[{"id":30653,"href":"https:\/\/portalmovil.com.ar\/index.php\/wp-json\/wp\/v2\/posts\/30648\/revisions\/30653"}],"wp:featuredmedia":[{"embeddable":true,"href":"https:\/\/portalmovil.com.ar\/index.php\/wp-json\/wp\/v2\/media\/30652"}],"wp:attachment":[{"href":"https:\/\/portalmovil.com.ar\/index.php\/wp-json\/wp\/v2\/media?parent=30648"}],"wp:term":[{"taxonomy":"category","embeddable":true,"href":"https:\/\/portalmovil.com.ar\/index.php\/wp-json\/wp\/v2\/categories?post=30648"},{"taxonomy":"post_tag","embeddable":true,"href":"https:\/\/portalmovil.com.ar\/index.php\/wp-json\/wp\/v2\/tags?post=30648"}],"curies":[{"name":"wp","href":"https:\/\/api.w.org\/{rel}","templated":true}]}}