{"id":30595,"date":"2021-06-20T11:14:30","date_gmt":"2021-06-20T14:14:30","guid":{"rendered":"https:\/\/portalmovil.com.ar\/?p=30595"},"modified":"2021-06-20T11:14:35","modified_gmt":"2021-06-20T14:14:35","slug":"el-intendente-de-puerto-vilelas-saludo-a-los-padres-en-su-dia","status":"publish","type":"post","link":"https:\/\/portalmovil.com.ar\/index.php\/2021\/06\/20\/el-intendente-de-puerto-vilelas-saludo-a-los-padres-en-su-dia\/","title":{"rendered":"El Intendente de Puerto Vilelas salud\u00f3 a los Padres en su D\u00eda"},"content":{"rendered":"\n<p>El intendente de Puerto Vilelas V\u00edctor Rea salud\u00f3 a todos los padres y familias en el marco del \u201cD\u00eda del Padre\u201d que se celebra este 20 de junio.<\/p>\n\n\n\n<p>Adem\u00e1s, Rea remarc\u00f3 la importancia que los \u201cpadres\u201d llevan en la sociedad actual, siendo estos los generadores de valores de cara al futuro, sobre todo de nuestros ni\u00f1os en cuanto a la formaci\u00f3n.<\/p>\n\n\n\n<p>Por \u00faltimo, el jefe comunal V\u00edctor Rea salud\u00f3 \u201ca todos los padres de familia que asumen esa responsabilidad y llevan adelante el trabajo m\u00e1s dif\u00edcil y m\u00e1s hermoso que es el de ser padre de familia\u201d.<\/p>\n","protected":false},"excerpt":{"rendered":"<p>El intendente de Puerto Vilelas V\u00edctor Rea salud\u00f3 a todos los padres y familias en el marco del \u201cD\u00eda del Padre\u201d que se celebra este 20 de junio. Adem\u00e1s, Rea remarc\u00f3 la importancia que los \u201cpadres\u201d llevan en la sociedad actual, siendo estos los generadores de valores de cara al futuro, sobre todo de nuestros &hellip;<\/p>\n","protected":false},"author":2,"featured_media":30596,"comment_status":"open","ping_status":"open","sticky":false,"template":"","format":"standard","meta":{"_jetpack_memberships_contains_paid_content":false,"footnotes":"","jetpack_publicize_message":"","jetpack_publicize_feature_enabled":true,"jetpack_social_post_already_shared":true,"jetpack_social_options":{"image_generator_settings":{"template":"highway","default_image_id":0,"font":"","enabled":false},"version":2}},"categories":[28,5],"tags":[],"class_list":["post-30595","post","type-post","status-publish","format-standard","has-post-thumbnail","hentry","category-actualidad","category-chaco"],"jetpack_publicize_connections":[],"jetpack_featured_media_url":"https:\/\/portalmovil.com.ar\/wp-content\/uploads\/2021\/06\/dia-del-padre-victor-rea.jpg","jetpack_sharing_enabled":true,"amp_enabled":true,"_links":{"self":[{"href":"https:\/\/portalmovil.com.ar\/index.php\/wp-json\/wp\/v2\/posts\/30595","targetHints":{"allow":["GET"]}}],"collection":[{"href":"https:\/\/portalmovil.com.ar\/index.php\/wp-json\/wp\/v2\/posts"}],"about":[{"href":"https:\/\/portalmovil.com.ar\/index.php\/wp-json\/wp\/v2\/types\/post"}],"author":[{"embeddable":true,"href":"https:\/\/portalmovil.com.ar\/index.php\/wp-json\/wp\/v2\/users\/2"}],"replies":[{"embeddable":true,"href":"https:\/\/portalmovil.com.ar\/index.php\/wp-json\/wp\/v2\/comments?post=30595"}],"version-history":[{"count":1,"href":"https:\/\/portalmovil.com.ar\/index.php\/wp-json\/wp\/v2\/posts\/30595\/revisions"}],"predecessor-version":[{"id":30597,"href":"https:\/\/portalmovil.com.ar\/index.php\/wp-json\/wp\/v2\/posts\/30595\/revisions\/30597"}],"wp:featuredmedia":[{"embeddable":true,"href":"https:\/\/portalmovil.com.ar\/index.php\/wp-json\/wp\/v2\/media\/30596"}],"wp:attachment":[{"href":"https:\/\/portalmovil.com.ar\/index.php\/wp-json\/wp\/v2\/media?parent=30595"}],"wp:term":[{"taxonomy":"category","embeddable":true,"href":"https:\/\/portalmovil.com.ar\/index.php\/wp-json\/wp\/v2\/categories?post=30595"},{"taxonomy":"post_tag","embeddable":true,"href":"https:\/\/portalmovil.com.ar\/index.php\/wp-json\/wp\/v2\/tags?post=30595"}],"curies":[{"name":"wp","href":"https:\/\/api.w.org\/{rel}","templated":true}]}}