{"id":30552,"date":"2021-06-19T19:53:10","date_gmt":"2021-06-19T22:53:10","guid":{"rendered":"https:\/\/portalmovil.com.ar\/?p=30552"},"modified":"2021-06-19T19:53:12","modified_gmt":"2021-06-19T22:53:12","slug":"coronel-du-graty-colisiono-contra-un-arbol-y-perdio-la-vida","status":"publish","type":"post","link":"https:\/\/portalmovil.com.ar\/index.php\/2021\/06\/19\/coronel-du-graty-colisiono-contra-un-arbol-y-perdio-la-vida\/","title":{"rendered":"Coronel Du Graty: Colision\u00f3 contra un \u00e1rbol y perdi\u00f3 la vida"},"content":{"rendered":"\n<p>Los efectivos de la Comisar\u00eda local fueron alertados que en la rotonda de acceso de esa localidad hab\u00eda un ciudadano tendido en la v\u00eda p\u00fablica junto a una motocicleta. Una vez all\u00ed el personal dio con un joven de 27 a\u00f1os que se hallaba sin vida, solicitaron asistencia m\u00e9dica y el doctor adujo que sufri\u00f3 un fuerte golpe en su cabeza motivo por el cual perdi\u00f3 la vida.<\/p>\n\n\n\n<p>Un llamado al 911 alerto a los agentes sobre un accidente de tr\u00e1nsito en la calle Presidente Dr. Ra\u00fal Alfons\u00edn y Ex Combatientes de Malvinas. En el lugar dieron con un joven que se encontraba tendido en la cinta asf\u00e1ltica inconsciente, por ello solicitaron una ambulancia.<\/p>\n\n\n\n<p>Posteriormente, se hizo presente el personal de salud quien lo asisti\u00f3 y adujo que el ciudadano ya no ten\u00eda signos vitales producto a un \u201cTraumatismo Enc\u00e9falo Craneal Grave\u201d<\/p>\n\n\n\n<p>&nbsp;Adem\u00e1s&nbsp; en la escena del hecho hallaron una Honda modelo Wave, en la cual se trasladaba y por razones que se tratan de establecer perdi\u00f3 el control colisionando contra un \u00e1rbol al costado del camino.<\/p>\n\n\n\n<p>Finalmente, se hizo presente un familiar y los efectivos consultaron a la fiscal\u00eda en turno quien dispuso la entrega del cuerpo al mismo para los fines p\u00f3stumos.<\/p>\n","protected":false},"excerpt":{"rendered":"<p>Los efectivos de la Comisar\u00eda local fueron alertados que en la rotonda de acceso de esa localidad hab\u00eda un ciudadano tendido en la v\u00eda p\u00fablica junto a una motocicleta. Una vez all\u00ed el personal dio con un joven de 27 a\u00f1os que se hallaba sin vida, solicitaron asistencia m\u00e9dica y el doctor adujo que sufri\u00f3 &hellip;<\/p>\n","protected":false},"author":2,"featured_media":19959,"comment_status":"open","ping_status":"open","sticky":false,"template":"","format":"standard","meta":{"_jetpack_memberships_contains_paid_content":false,"footnotes":"","jetpack_publicize_message":"","jetpack_publicize_feature_enabled":true,"jetpack_social_post_already_shared":true,"jetpack_social_options":{"image_generator_settings":{"template":"highway","default_image_id":0,"font":"","enabled":false},"version":2}},"categories":[42,8],"tags":[],"class_list":["post-30552","post","type-post","status-publish","format-standard","has-post-thumbnail","hentry","category-interior","category-policiales"],"jetpack_publicize_connections":[],"jetpack_featured_media_url":"https:\/\/portalmovil.com.ar\/wp-content\/uploads\/2021\/01\/842e7303-6c84-4b8c-a372-d1f252c81433.jpg","jetpack_sharing_enabled":true,"amp_enabled":true,"_links":{"self":[{"href":"https:\/\/portalmovil.com.ar\/index.php\/wp-json\/wp\/v2\/posts\/30552","targetHints":{"allow":["GET"]}}],"collection":[{"href":"https:\/\/portalmovil.com.ar\/index.php\/wp-json\/wp\/v2\/posts"}],"about":[{"href":"https:\/\/portalmovil.com.ar\/index.php\/wp-json\/wp\/v2\/types\/post"}],"author":[{"embeddable":true,"href":"https:\/\/portalmovil.com.ar\/index.php\/wp-json\/wp\/v2\/users\/2"}],"replies":[{"embeddable":true,"href":"https:\/\/portalmovil.com.ar\/index.php\/wp-json\/wp\/v2\/comments?post=30552"}],"version-history":[{"count":1,"href":"https:\/\/portalmovil.com.ar\/index.php\/wp-json\/wp\/v2\/posts\/30552\/revisions"}],"predecessor-version":[{"id":30553,"href":"https:\/\/portalmovil.com.ar\/index.php\/wp-json\/wp\/v2\/posts\/30552\/revisions\/30553"}],"wp:featuredmedia":[{"embeddable":true,"href":"https:\/\/portalmovil.com.ar\/index.php\/wp-json\/wp\/v2\/media\/19959"}],"wp:attachment":[{"href":"https:\/\/portalmovil.com.ar\/index.php\/wp-json\/wp\/v2\/media?parent=30552"}],"wp:term":[{"taxonomy":"category","embeddable":true,"href":"https:\/\/portalmovil.com.ar\/index.php\/wp-json\/wp\/v2\/categories?post=30552"},{"taxonomy":"post_tag","embeddable":true,"href":"https:\/\/portalmovil.com.ar\/index.php\/wp-json\/wp\/v2\/tags?post=30552"}],"curies":[{"name":"wp","href":"https:\/\/api.w.org\/{rel}","templated":true}]}}