{"id":30470,"date":"2021-06-18T20:01:10","date_gmt":"2021-06-18T23:01:10","guid":{"rendered":"https:\/\/portalmovil.com.ar\/?p=30470"},"modified":"2021-06-18T20:01:13","modified_gmt":"2021-06-18T23:01:13","slug":"victor-rea-agradecio-a-chaco-celebra-por-su-acompanamiento-a-la-cultura-local-en-momentos-adversos","status":"publish","type":"post","link":"https:\/\/portalmovil.com.ar\/index.php\/2021\/06\/18\/victor-rea-agradecio-a-chaco-celebra-por-su-acompanamiento-a-la-cultura-local-en-momentos-adversos\/","title":{"rendered":"V\u00edctor Rea agradeci\u00f3 a \u201dChaco Celebra\u201d por su acompa\u00f1amiento a la cultura local en momentos adversos"},"content":{"rendered":"\n<p>El intendente de Puerto Vilelas V\u00edctor Rea recibi\u00f3 a la presidenta del Instituto de Cultura del Chaco Mariela Quir\u00f3s quien hizo entrega del convenio \u00abChaco Celebra\u00bb y entregaron libros a la biblioteca 52 \u00abBiblioteca P\u00fablica Popular del Centenario de la Creaci\u00f3n del Chaco\u00bb, de Puerto Vilelas, a cargo de Jorge Walter Hugo Fern\u00e1ndez.&nbsp;<\/p>\n\n\n\n<p>Al respecto, el jefe comunal V\u00edctor Rea celebr\u00f3 el acompa\u00f1amiento del Gobierno provincial hacia Puerto Vilelas, donde consider\u00f3 que<strong>\u00a0\u00abes indispensable trabajar codo a cod<\/strong>o con el Instituto de Cultura de la provincia, teniendo en cuenta que esta pandemia nos oblig\u00f3 a encerrarnos obligatoriamente, siendo este programa provincial fundamental para salir adelante\u00bb.<\/p>\n\n\n\n<p>\u201cCon Chaco Celebra encontramos m\u00faltiples respuestas a problemas que ocasion\u00f3 esta pandemia, donde adem\u00e1s de acompa\u00f1arnos permanentemente, sin olvidar nuestro aniversario 111\u00b0 el pasado 10 de junio, brind\u00f3 oportunidades a nuestros artistas locales que sin lugar a dudas fueron perjudicados por esta problem\u00e1tica sanitaria a nivel mundial\u201d, expres\u00f3 el intendente.<\/p>\n\n\n\n<figure class=\"wp-block-image\"><img decoding=\"async\" src=\"https:\/\/datachaco.com\/download\/multimedia.normal.9529516700408e77.76696c656c61735f7265615f717569726f735f6e6f726d616c2e6a7067.jpg\" alt=\"vilelas_rea_quiros\"\/><\/figure>\n\n\n\n<h3 class=\"wp-block-heading\"><strong>Chaco Celebra<\/strong><\/h3>\n\n\n\n<p>Chaco Celebra tiene por objetivo fortalecer las identidades locales y los procesos de memorias que las sostienen, mediante la puesta en valor de las celebraciones populares m\u00e1s significativas de todo el territorio provincial. &nbsp;&nbsp;<\/p>\n\n\n\n<p>A trav\u00e9s del financiamiento p\u00fablico, mediante la articulaci\u00f3n de distintas dependencias del Estado provincial, se fomentan redes de producci\u00f3n cultural, generando el fortalecimiento del circuito productivo cultural. Se propone la revalorizaci\u00f3n de los bienes y servicios culturales, promoviendo redes de circulaci\u00f3n y comercio justo, revalorizando tanto los productos y servicios culturales, como tambi\u00e9n el proceso creativo de esas producciones; as\u00ed se fomentan las econom\u00edas creativas locales que caracterizan y posicionan a nivel nacional al Chaco como capital intercultural. &nbsp;<\/p>\n","protected":false},"excerpt":{"rendered":"<p>El intendente de Puerto Vilelas V\u00edctor Rea recibi\u00f3 a la presidenta del Instituto de Cultura del Chaco Mariela Quir\u00f3s quien hizo entrega del convenio \u00abChaco Celebra\u00bb y entregaron libros a la biblioteca 52 \u00abBiblioteca P\u00fablica Popular del Centenario de la Creaci\u00f3n del Chaco\u00bb, de Puerto Vilelas, a cargo de Jorge Walter Hugo Fern\u00e1ndez.&nbsp; Al respecto, &hellip;<\/p>\n","protected":false},"author":2,"featured_media":30471,"comment_status":"open","ping_status":"open","sticky":false,"template":"","format":"standard","meta":{"_jetpack_memberships_contains_paid_content":false,"footnotes":"","jetpack_publicize_message":"","jetpack_publicize_feature_enabled":true,"jetpack_social_post_already_shared":true,"jetpack_social_options":{"image_generator_settings":{"template":"highway","default_image_id":0,"font":"","enabled":false},"version":2}},"categories":[5,14],"tags":[],"class_list":["post-30470","post","type-post","status-publish","format-standard","has-post-thumbnail","hentry","category-chaco","category-politica"],"jetpack_publicize_connections":[],"jetpack_featured_media_url":"https:\/\/portalmovil.com.ar\/wp-content\/uploads\/2021\/06\/multimedia.normal.a974c60cb0956f63.70756572746f5f76696c656c61735f6269626c696f746563615f6e6f726d616c2e6a7067.jpg","jetpack_sharing_enabled":true,"amp_enabled":true,"_links":{"self":[{"href":"https:\/\/portalmovil.com.ar\/index.php\/wp-json\/wp\/v2\/posts\/30470","targetHints":{"allow":["GET"]}}],"collection":[{"href":"https:\/\/portalmovil.com.ar\/index.php\/wp-json\/wp\/v2\/posts"}],"about":[{"href":"https:\/\/portalmovil.com.ar\/index.php\/wp-json\/wp\/v2\/types\/post"}],"author":[{"embeddable":true,"href":"https:\/\/portalmovil.com.ar\/index.php\/wp-json\/wp\/v2\/users\/2"}],"replies":[{"embeddable":true,"href":"https:\/\/portalmovil.com.ar\/index.php\/wp-json\/wp\/v2\/comments?post=30470"}],"version-history":[{"count":1,"href":"https:\/\/portalmovil.com.ar\/index.php\/wp-json\/wp\/v2\/posts\/30470\/revisions"}],"predecessor-version":[{"id":30472,"href":"https:\/\/portalmovil.com.ar\/index.php\/wp-json\/wp\/v2\/posts\/30470\/revisions\/30472"}],"wp:featuredmedia":[{"embeddable":true,"href":"https:\/\/portalmovil.com.ar\/index.php\/wp-json\/wp\/v2\/media\/30471"}],"wp:attachment":[{"href":"https:\/\/portalmovil.com.ar\/index.php\/wp-json\/wp\/v2\/media?parent=30470"}],"wp:term":[{"taxonomy":"category","embeddable":true,"href":"https:\/\/portalmovil.com.ar\/index.php\/wp-json\/wp\/v2\/categories?post=30470"},{"taxonomy":"post_tag","embeddable":true,"href":"https:\/\/portalmovil.com.ar\/index.php\/wp-json\/wp\/v2\/tags?post=30470"}],"curies":[{"name":"wp","href":"https:\/\/api.w.org\/{rel}","templated":true}]}}