{"id":30458,"date":"2021-06-18T19:44:33","date_gmt":"2021-06-18T22:44:33","guid":{"rendered":"https:\/\/portalmovil.com.ar\/?p=30458"},"modified":"2021-06-18T19:44:37","modified_gmt":"2021-06-18T22:44:37","slug":"gobierno-evalua-prorrogar-las-medidas-preventivas-con-mayor-flexibilizacion","status":"publish","type":"post","link":"https:\/\/portalmovil.com.ar\/index.php\/2021\/06\/18\/gobierno-evalua-prorrogar-las-medidas-preventivas-con-mayor-flexibilizacion\/","title":{"rendered":"Gobierno eval\u00faa prorrogar las medidas preventivas con mayor flexibilizaci\u00f3n"},"content":{"rendered":"\n<p>El gobierno provincial eval\u00faa por estas horas la pr\u00f3rroga de las medidas preventivas con el objetivo de mitigar el impacto de la segunda ola por coronavirus, pero con mayor flexibilizaci\u00f3n progresiva de actividades restringidas en la actualidad. El Comit\u00e9 T\u00e9cnico y de Desescalada, se\u00f1alan que las \u201cflexibilizaciones ser\u00e1n progresivas\u201d, con \u201chabilitaciones de aforo y uso obligatorio del Pasaporte Covid\u201d.<\/p>\n\n\n\n<p>La nueva pr\u00f3rroga ser\u00eda por otras dos semanas, tras la culminaci\u00f3n de esta etapa el pr\u00f3ximo 21 de junio; y desde all\u00ed por otras dos semanas m\u00e1s: \u201cLas medidas se prorrogar\u00e1n nuevamente con algunas particularidades que estar\u00e1n dadas por una nueva habilitaci\u00f3n de un porcentaje de aforos de actividades que se realizan tanto en espacios abiertos como cerrados. El objetivo es que las habilitaciones se hagan de manera progresiva; es decir, las actividades habilitadas actualmente con una apertura del 30%&nbsp;pasar\u00edan a estar habilitadas al uso de hasta el 50% de superficie disponible. Luego, en los primeros d\u00edas de julio, la habilitaci\u00f3n de uso se extender\u00eda al 75% del aforo y en la segunda quincena del mes que viene habilitarlas en un 100%\u201d, detallaron.<\/p>\n\n\n\n<p>Esta flexibilizaci\u00f3n progresiva \u201cpermitir\u00e1 m\u00e1s actividades o establecer\u00e1 menores restricciones a personas con protecci\u00f3n inmunitaria adquirida por haber estado contagiadas en los \u00faltimos cuatro meses o estar vacunado con un m\u00ednimo de 30 d\u00edas de inoculaci\u00f3n\u201d. En s\u00edntesis, se maneja la posibilidad de dos semanas, aproximadamente, entre cada etapa; mientras que a modo de ejemplo citaron desde el 21 de junio al domingo 4 de julio, y a partir del 5 de julio y hasta el 18 de julio la \u00faltima etapa.<\/p>\n\n\n\n<p>En este sentido, se hizo hincapi\u00e9 en el uso del Pasaporte Covid, herramienta que habilitar\u00e1 la identificaci\u00f3n de la persona con protecci\u00f3n inmunitaria, dada por alguien que tuvo coronavirus positivo en al menos los \u00faltimos cuatro meses (per\u00edodo de tiempo que garantiza que la persona adquiri\u00f3 inmunidad natural producto de haber estado contagiado) o por una vacuna con m\u00e1s de 30 d\u00edas de aplicaci\u00f3n (promedio de d\u00edas en el que la mayor\u00eda de las personas alcanza la m\u00e1s alta inmunidad con una sola dosis). Es decir, esas personas ser\u00e1n las que podr\u00e1n realizar actividades en aforos cerrados, sin restricciones.<\/p>\n\n\n\n<p>Asimismo, se exigir\u00e1 a los responsables de locales gastron\u00f3micos, comercios en general, industria, servicios profesionales y transportistas, entre otros, garantizar el control de Pasaporte Covid de las personas que requieran sus servicios y que sus agentes se encuentren en la misma situaci\u00f3n de protecci\u00f3n inmunitaria, a fin de garantizar una prestaci\u00f3n de servicios con bajo o m\u00ednimo riesgo, especialmente aquellos que utilicen espacios cerrados para el desarrollo de sus actividades.<\/p>\n","protected":false},"excerpt":{"rendered":"<p>El gobierno provincial eval\u00faa por estas horas la pr\u00f3rroga de las medidas preventivas con el objetivo de mitigar el impacto de la segunda ola por coronavirus, pero con mayor flexibilizaci\u00f3n progresiva de actividades restringidas en la actualidad. El Comit\u00e9 T\u00e9cnico y de Desescalada, se\u00f1alan que las \u201cflexibilizaciones ser\u00e1n progresivas\u201d, con \u201chabilitaciones de aforo y uso &hellip;<\/p>\n","protected":false},"author":2,"featured_media":30459,"comment_status":"open","ping_status":"open","sticky":false,"template":"","format":"standard","meta":{"_jetpack_memberships_contains_paid_content":false,"footnotes":"","jetpack_publicize_message":"","jetpack_publicize_feature_enabled":true,"jetpack_social_post_already_shared":true,"jetpack_social_options":{"image_generator_settings":{"template":"highway","default_image_id":0,"font":"","enabled":false},"version":2}},"categories":[5,12],"tags":[],"class_list":["post-30458","post","type-post","status-publish","format-standard","has-post-thumbnail","hentry","category-chaco","category-ultimo"],"jetpack_publicize_connections":[],"jetpack_featured_media_url":"https:\/\/portalmovil.com.ar\/wp-content\/uploads\/2021\/06\/unnamed-5.jpg","jetpack_sharing_enabled":true,"amp_enabled":true,"_links":{"self":[{"href":"https:\/\/portalmovil.com.ar\/index.php\/wp-json\/wp\/v2\/posts\/30458","targetHints":{"allow":["GET"]}}],"collection":[{"href":"https:\/\/portalmovil.com.ar\/index.php\/wp-json\/wp\/v2\/posts"}],"about":[{"href":"https:\/\/portalmovil.com.ar\/index.php\/wp-json\/wp\/v2\/types\/post"}],"author":[{"embeddable":true,"href":"https:\/\/portalmovil.com.ar\/index.php\/wp-json\/wp\/v2\/users\/2"}],"replies":[{"embeddable":true,"href":"https:\/\/portalmovil.com.ar\/index.php\/wp-json\/wp\/v2\/comments?post=30458"}],"version-history":[{"count":1,"href":"https:\/\/portalmovil.com.ar\/index.php\/wp-json\/wp\/v2\/posts\/30458\/revisions"}],"predecessor-version":[{"id":30460,"href":"https:\/\/portalmovil.com.ar\/index.php\/wp-json\/wp\/v2\/posts\/30458\/revisions\/30460"}],"wp:featuredmedia":[{"embeddable":true,"href":"https:\/\/portalmovil.com.ar\/index.php\/wp-json\/wp\/v2\/media\/30459"}],"wp:attachment":[{"href":"https:\/\/portalmovil.com.ar\/index.php\/wp-json\/wp\/v2\/media?parent=30458"}],"wp:term":[{"taxonomy":"category","embeddable":true,"href":"https:\/\/portalmovil.com.ar\/index.php\/wp-json\/wp\/v2\/categories?post=30458"},{"taxonomy":"post_tag","embeddable":true,"href":"https:\/\/portalmovil.com.ar\/index.php\/wp-json\/wp\/v2\/tags?post=30458"}],"curies":[{"name":"wp","href":"https:\/\/api.w.org\/{rel}","templated":true}]}}