{"id":3038,"date":"2020-03-06T07:37:40","date_gmt":"2020-03-06T10:37:40","guid":{"rendered":"http:\/\/portalmovil.com.ar\/?p=3038"},"modified":"2020-03-06T07:37:42","modified_gmt":"2020-03-06T10:37:42","slug":"la-mesa-de-enlace-confirmo-el-paro-agropecuario-a-partir-del-proximo-lunes","status":"publish","type":"post","link":"https:\/\/portalmovil.com.ar\/index.php\/2020\/03\/06\/la-mesa-de-enlace-confirmo-el-paro-agropecuario-a-partir-del-proximo-lunes\/","title":{"rendered":"La Mesa de Enlace confirm\u00f3 el paro agropecuario a partir del pr\u00f3ximo lunes"},"content":{"rendered":"\n<p>El primer paro agrario de la era Fern\u00e1ndez, que comenzar\u00e1 el pr\u00f3ximo lunes y se extender\u00e1 hasta el jueves, se negoci\u00f3 entre las cuatro entidades que integran la Mesa de Enlace: Confederaciones Rurales Argentinas (CRA), Coninagro, Federaci\u00f3n Agraria Argentina (FAA) y la Sociedad Rural Argentina (SRA). Todo se precipit\u00f3 cuando trascendi\u00f3 que CRA estaba dispuesta a avanzar en una protesta sola. Al final, prim\u00f3 la unidad de la agrupaci\u00f3n.<\/p>\n\n\n\n<p>La medida fue impulsada por Confederaciones Rurales (CRA), que ayer al mediod\u00eda lanz\u00f3 la convocatoria: \u00abNos vemos en las rutas\u00bb. Por la tarde se sumaron la Sociedad Rural, Federaci\u00f3n Agraria y Coninagro, las otras entidades del campo que integran la Mesa de Enlace, que coordina a la dirigencia ruralista. Seg\u00fan medios nacionales, la medida anunciada por los integrantes de la Mesa de Enlace, ser\u00e1 entre las 0 de este lunes y las 0 del jueves.<\/p>\n\n\n\n<p>Este paro del campo va a coincidir con el 12\u00ba aniversario del inicio del conflicto entre el campo y el gobierno de Cristina Kirchner por las retenciones m\u00f3viles, que fue el 11 de marzo de 2008.<\/p>\n\n\n\n<p>Las cuatro entidades, que representan a la mayor\u00eda de los productores agropecuarios del pa\u00eds, lideraron durante tres meses en 2008 una rebeli\u00f3n del campo contra el gobierno de Cristina Fern\u00e1ndez de Kirchner (2007-2015), la actual vicepresidenta, que en ese entonces hab\u00eda dispuesto un esquema de impuestos m\u00f3viles sobre la soja seg\u00fan su cotizaci\u00f3n en el mercado internacional.<\/p>\n\n\n\n<p>Hace 12 a\u00f1os, las cuatro asociaciones rurales paralizaron parte del pa\u00eds y provocaron desabastecimiento de grandes ciudades con cortes de ruta en contra de una decisi\u00f3n similar de Fern\u00e1ndez de Kirchner. En ese entonces el valor de la oleaginosa era mucho m\u00e1s elevado que el actual. El actual mandatario, Alberto Fern\u00e1ndez, era entonces jefe de Gabinete de Cristina y renunci\u00f3 por el conflicto con el campo.<\/p>\n\n\n\n<p>Este paro se lanz\u00f3 inmediatamente despu\u00e9s de publicado el decreto 230\/2020 en el Bolet\u00edn Oficial, pero la protesta se empez\u00f3 a cocinar desde diciembre, cuando el Gobierno avis\u00f3 que pod\u00eda elevar tres puntos m\u00e1s las retenciones a los granos.<\/p>\n\n\n\n<p>El presidente de Confederaci\u00f3n Intercooperativa Agropecuaria (Coninagro), Carlos Iannizzotto, consider\u00f3 que \u00abhay una disconformidad con el aumento en las retenciones. Las bases est\u00e1n muy disconformes, se sienten desprotegidas y hay un problema de desconfianza muy grande. En atenci\u00f3n a tanto descontento se ha decretado este cese de comercializaci\u00f3n\u00bb.<\/p>\n\n\n\n<p>Sin embargo, el directivo agrario remarc\u00f3 que \u00abes muy importante destacar que es una medida por una cuesti\u00f3n interna del sector, que no peligra la paz social ni mucho menos el di\u00e1logo\u00bb, a la vez que expres\u00f3 que se \u00abinvit\u00f3\u00bb al sector ganadero para que tampoco haya comercializaci\u00f3n y que no habr\u00e1 \u00abtractorazo\u00bb ni corte de rutas porque \u00abno es oportuno\u00bb.<\/p>\n\n\n\n<h2 class=\"wp-block-heading\"><strong>Tractorazo en C\u00f3rdoba<\/strong><\/h2>\n\n\n\n<p>En la ma\u00f1ana de ayer comenz\u00f3 un importante \u00abtractorazo\u00bb impulsado por productores autoconvocados del distrito de Altos Fierro, C\u00f3rdoba, y la filial de Federaci\u00f3n Agraria de R\u00edo Tercero, con el apoyo de la Mesa de Enlace provincial, en contra de los cambios establecidos en el r\u00e9gimen de retenciones, mediante un aumento de tres puntos porcentuales para las exportaciones de soja y sus derivados.<\/p>\n\n\n\n<p>M\u00e1s de 70 tractores y 150 camionetas circularon por la ruta 36 hasta llegar a la capital provincial. Los organizadores planeaban rechazar el aumento y la vigencia de retenciones a las exportaciones, as\u00ed como tambi\u00e9n el esquema de compensaciones para peque\u00f1os productores y econom\u00edas regionales que fue anunciado por el Gobierno.<\/p>\n","protected":false},"excerpt":{"rendered":"<p>El primer paro agrario de la era Fern\u00e1ndez, que comenzar\u00e1 el pr\u00f3ximo lunes y se extender\u00e1 hasta el jueves, se negoci\u00f3 entre las cuatro entidades que integran la Mesa de Enlace: Confederaciones Rurales Argentinas (CRA), Coninagro, Federaci\u00f3n Agraria Argentina (FAA) y la Sociedad Rural Argentina (SRA). Todo se precipit\u00f3 cuando trascendi\u00f3 que CRA estaba dispuesta &hellip;<\/p>\n","protected":false},"author":2,"featured_media":3039,"comment_status":"open","ping_status":"open","sticky":false,"template":"","format":"standard","meta":{"_jetpack_memberships_contains_paid_content":false,"footnotes":"","jetpack_publicize_message":"","jetpack_publicize_feature_enabled":true,"jetpack_social_post_already_shared":true,"jetpack_social_options":{"image_generator_settings":{"template":"highway","default_image_id":0,"font":"","enabled":false},"version":2}},"categories":[12],"tags":[],"class_list":["post-3038","post","type-post","status-publish","format-standard","has-post-thumbnail","hentry","category-ultimo"],"jetpack_publicize_connections":[],"jetpack_featured_media_url":"https:\/\/portalmovil.com.ar\/wp-content\/uploads\/2020\/03\/527__275__scale__92066.jpg","jetpack_sharing_enabled":true,"amp_enabled":true,"_links":{"self":[{"href":"https:\/\/portalmovil.com.ar\/index.php\/wp-json\/wp\/v2\/posts\/3038","targetHints":{"allow":["GET"]}}],"collection":[{"href":"https:\/\/portalmovil.com.ar\/index.php\/wp-json\/wp\/v2\/posts"}],"about":[{"href":"https:\/\/portalmovil.com.ar\/index.php\/wp-json\/wp\/v2\/types\/post"}],"author":[{"embeddable":true,"href":"https:\/\/portalmovil.com.ar\/index.php\/wp-json\/wp\/v2\/users\/2"}],"replies":[{"embeddable":true,"href":"https:\/\/portalmovil.com.ar\/index.php\/wp-json\/wp\/v2\/comments?post=3038"}],"version-history":[{"count":1,"href":"https:\/\/portalmovil.com.ar\/index.php\/wp-json\/wp\/v2\/posts\/3038\/revisions"}],"predecessor-version":[{"id":3040,"href":"https:\/\/portalmovil.com.ar\/index.php\/wp-json\/wp\/v2\/posts\/3038\/revisions\/3040"}],"wp:featuredmedia":[{"embeddable":true,"href":"https:\/\/portalmovil.com.ar\/index.php\/wp-json\/wp\/v2\/media\/3039"}],"wp:attachment":[{"href":"https:\/\/portalmovil.com.ar\/index.php\/wp-json\/wp\/v2\/media?parent=3038"}],"wp:term":[{"taxonomy":"category","embeddable":true,"href":"https:\/\/portalmovil.com.ar\/index.php\/wp-json\/wp\/v2\/categories?post=3038"},{"taxonomy":"post_tag","embeddable":true,"href":"https:\/\/portalmovil.com.ar\/index.php\/wp-json\/wp\/v2\/tags?post=3038"}],"curies":[{"name":"wp","href":"https:\/\/api.w.org\/{rel}","templated":true}]}}