{"id":30084,"date":"2021-06-15T09:57:05","date_gmt":"2021-06-15T12:57:05","guid":{"rendered":"https:\/\/portalmovil.com.ar\/?p=30084"},"modified":"2021-06-15T09:57:09","modified_gmt":"2021-06-15T12:57:09","slug":"capitanich-anuncio-ascenso-a-1100-efectivos-e-incrementos-salariales","status":"publish","type":"post","link":"https:\/\/portalmovil.com.ar\/index.php\/2021\/06\/15\/capitanich-anuncio-ascenso-a-1100-efectivos-e-incrementos-salariales\/","title":{"rendered":"Capitanich anunci\u00f3 ascenso a 1100 efectivos e incrementos salariales"},"content":{"rendered":"\n<p>El gobernador Jorge Capitanich encabez\u00f3 en la ma\u00f1ana de este martes el acto por la conmemoraci\u00f3n del 68 aniversario de la Polic\u00eda del Chaco, oportunidad en la que entreg\u00f3 oficialmente&nbsp;119&nbsp;patrulleros y&nbsp;m\u00e1s de 100&nbsp;motoveh\u00edculos. Acompa\u00f1ado de la vicegobernadora, Anal\u00eda Rach Quiroga,&nbsp;ministros y subsecretarios de su gabinete, y autoridades de la fuerza, el mandatario provincial anunci\u00f3 adem\u00e1s el ascenso de 1.100 ascensos y 85 designaciones de ayudantes de polic\u00eda.<\/p>\n\n\n\n<p>\u201cEn estos 68 a\u00f1os de historia, la Polic\u00eda tuvo&nbsp;un servicio a la comunidad de nuestra provincia para velar por la vida, el patrimonio&nbsp;y&nbsp;el honor de cada una de las personas que la habitan\u201d,&nbsp;asever\u00f3 el gobernador.<\/p>\n\n\n\n<p>Capitanich agradeci\u00f3 el trabajo realizado por los agentes de la fuerza&nbsp;en el contexto de pandemia \u201cy&nbsp;la vocaci\u00f3n de servicio para servir a nuestra comunidad tanto para erradicar fiestas clandestinas, el control de circulaci\u00f3n&nbsp;y&nbsp;el traslado de la vacuna&nbsp;que permite&nbsp;garantizar el \u00e9xito del plan de vacunaci\u00f3n\u201d.<\/p>\n\n\n\n<p>Respecto a los ascensos, los cuales se har\u00e1n efectivo en el d\u00eda de hoy mediante la firma de un decreto, el gobernador asever\u00f3 que se trata de \u201cuna revisi\u00f3n hist\u00f3rica permanente para cada uno de los agentes que efect\u00faan su carrera con abnegada&nbsp;vocaci\u00f3n de servicio\u201d.<\/p>\n\n\n\n<p>Paralelamente a esto anunci\u00f3 que\u00a0en\u00a0el mes de julio,\u00a0el personal de la fuerza\u00a0tendr\u00e1 un incremento en la remuneraci\u00f3n conforme a la negociaciones de car\u00e1cter salarial que el sector p\u00fablico har\u00e1 para todos sus trabajadores.<\/p>\n\n\n\n<p>El gobernador ponder\u00f3 que la entrega de los nuevos patrulleros y motoveh\u00edculos&nbsp;forma parte de un&nbsp;programa de incorporaci\u00f3n de equipamiento que permite&nbsp;\u201cgarantizar el efectivo desplazamiento de nuestros agentes para la cobertura de prevenci\u00f3n en materia de seguridad\u201d.<\/p>\n\n\n\n<p>\u201cAs\u00ed como existe una patrulla motorizada,&nbsp;la cual&nbsp;pusimos en marcha la semana anterior, hacemos el m\u00e1ximo esfuerzo para garantizar la provisi\u00f3n de uniformes a trav\u00e9s de talleres propios,&nbsp;chalecos antibalas y&nbsp;los elementos necesarios\u201d, mencion\u00f3.<\/p>\n\n\n\n<p>Agreg\u00f3 que mediante la implementaci\u00f3n de un&nbsp;programa de seguridad vial y preventiva,&nbsp;la provincia&nbsp;incorpor\u00f3&nbsp;lectoras&nbsp;\u00f3pticas&nbsp;de patentes&nbsp;para&nbsp;cada posta de&nbsp;controles fronterizos,&nbsp;cinem\u00f3metros y c\u00e1maras&nbsp;lectura facial,&nbsp;entre otras cosas.<\/p>\n\n\n\n<p>\u201cEs muy importante remarcar que los tres pilares de cualquier pol\u00edtica p\u00fablica, pero en especial de seguridad, tienen&nbsp;que ver con recursos humanos, tecnolog\u00eda y participaci\u00f3n comunitaria,&nbsp;y por&nbsp;ello&nbsp;bregamos por el fortalecimiento de los consejos de seguridad municipal\u201d,&nbsp;remarc\u00f3.<\/p>\n","protected":false},"excerpt":{"rendered":"<p>El gobernador Jorge Capitanich encabez\u00f3 en la ma\u00f1ana de este martes el acto por la conmemoraci\u00f3n del 68 aniversario de la Polic\u00eda del Chaco, oportunidad en la que entreg\u00f3 oficialmente&nbsp;119&nbsp;patrulleros y&nbsp;m\u00e1s de 100&nbsp;motoveh\u00edculos. Acompa\u00f1ado de la vicegobernadora, Anal\u00eda Rach Quiroga,&nbsp;ministros y subsecretarios de su gabinete, y autoridades de la fuerza, el mandatario provincial anunci\u00f3 adem\u00e1s &hellip;<\/p>\n","protected":false},"author":2,"featured_media":30085,"comment_status":"open","ping_status":"open","sticky":false,"template":"","format":"standard","meta":{"_jetpack_memberships_contains_paid_content":false,"footnotes":"","jetpack_publicize_message":"","jetpack_publicize_feature_enabled":true,"jetpack_social_post_already_shared":true,"jetpack_social_options":{"image_generator_settings":{"template":"highway","default_image_id":0,"font":"","enabled":false},"version":2}},"categories":[5,12],"tags":[],"class_list":["post-30084","post","type-post","status-publish","format-standard","has-post-thumbnail","hentry","category-chaco","category-ultimo"],"jetpack_publicize_connections":[],"jetpack_featured_media_url":"https:\/\/portalmovil.com.ar\/wp-content\/uploads\/2021\/06\/201255320_4621143907900431_7023386928526900672_n.jpg","jetpack_sharing_enabled":true,"amp_enabled":true,"_links":{"self":[{"href":"https:\/\/portalmovil.com.ar\/index.php\/wp-json\/wp\/v2\/posts\/30084","targetHints":{"allow":["GET"]}}],"collection":[{"href":"https:\/\/portalmovil.com.ar\/index.php\/wp-json\/wp\/v2\/posts"}],"about":[{"href":"https:\/\/portalmovil.com.ar\/index.php\/wp-json\/wp\/v2\/types\/post"}],"author":[{"embeddable":true,"href":"https:\/\/portalmovil.com.ar\/index.php\/wp-json\/wp\/v2\/users\/2"}],"replies":[{"embeddable":true,"href":"https:\/\/portalmovil.com.ar\/index.php\/wp-json\/wp\/v2\/comments?post=30084"}],"version-history":[{"count":1,"href":"https:\/\/portalmovil.com.ar\/index.php\/wp-json\/wp\/v2\/posts\/30084\/revisions"}],"predecessor-version":[{"id":30086,"href":"https:\/\/portalmovil.com.ar\/index.php\/wp-json\/wp\/v2\/posts\/30084\/revisions\/30086"}],"wp:featuredmedia":[{"embeddable":true,"href":"https:\/\/portalmovil.com.ar\/index.php\/wp-json\/wp\/v2\/media\/30085"}],"wp:attachment":[{"href":"https:\/\/portalmovil.com.ar\/index.php\/wp-json\/wp\/v2\/media?parent=30084"}],"wp:term":[{"taxonomy":"category","embeddable":true,"href":"https:\/\/portalmovil.com.ar\/index.php\/wp-json\/wp\/v2\/categories?post=30084"},{"taxonomy":"post_tag","embeddable":true,"href":"https:\/\/portalmovil.com.ar\/index.php\/wp-json\/wp\/v2\/tags?post=30084"}],"curies":[{"name":"wp","href":"https:\/\/api.w.org\/{rel}","templated":true}]}}