{"id":30067,"date":"2021-06-15T08:23:33","date_gmt":"2021-06-15T11:23:33","guid":{"rendered":"https:\/\/portalmovil.com.ar\/?p=30067"},"modified":"2021-06-15T08:23:36","modified_gmt":"2021-06-15T11:23:36","slug":"la-policia-del-chaco-conmemora-el-68-aniversario-de-su-creacion","status":"publish","type":"post","link":"https:\/\/portalmovil.com.ar\/index.php\/2021\/06\/15\/la-policia-del-chaco-conmemora-el-68-aniversario-de-su-creacion\/","title":{"rendered":"La Polic\u00eda del Chaco conmemora el 68\u00b0 aniversario de su creaci\u00f3n"},"content":{"rendered":"\n<p>El 4 de junio de 1953, el primer gobernador chaque\u00f1o Felipe Gallardo, firm\u00f3 el decreto mediante el cual designaba al primer Jefe de Polic\u00eda de la Provincia, a Leandro Gallardo.<\/p>\n\n\n\n<p>Entonces, la Jefatura de la Polic\u00eda funcionaba en un edificio en la hoy calle Arturo Illia 979, de Resistencia. Poco despu\u00e9s se dispuso su traslado a la avenida 25 de Mayo N\u00ba1420, en un inmueble reciente con destino a una Comisar\u00eda Seccional, situaci\u00f3n que no lleg\u00f3 a concretarse, ya que la Jefatura de Polic\u00eda prosigue all\u00ed.<\/p>\n\n\n\n<p>El Poder Ejecutivo de la Provincia manifest\u00f3 su preocupaci\u00f3n desde los primeros momentos de la administraci\u00f3n del Estado, para tratar de elevar el nivel profesional del personal de la Polic\u00eda, y es as\u00ed que por Decreto 48, de 1953, se dispuso la creaci\u00f3n de la Escuela de Polic\u00eda \u201cEva Per\u00f3n\u201d, que llev\u00f3 a cabo su cometido en la Jefatura de Polic\u00eda y se rigi\u00f3 por el Reglamento Org\u00e1nico confeccionado por esa Dependencia.<\/p>\n\n\n\n<p>En 1985, en que a propuesta del entonces Jefe de Polic\u00eda de la Provincia, el extinto Comisario General (R) Carlos Angel Chiesanova, el Poder Ejecutivo mediante Decreto N\u00b0 959, estableci\u00f3 como D\u00eda de la Polic\u00eda el 15 de junio, por ser una fecha m\u00e1s representativa, ya que ese mismo d\u00eda de 1953, fue creada la Escuela de Cadetes de la Polic\u00eda y se dio inicio a la formaci\u00f3n profesional y espec\u00edfica del personal superior y subalterno de la Polic\u00eda de la Provincia.<\/p>\n","protected":false},"excerpt":{"rendered":"<p>El 4 de junio de 1953, el primer gobernador chaque\u00f1o Felipe Gallardo, firm\u00f3 el decreto mediante el cual designaba al primer Jefe de Polic\u00eda de la Provincia, a Leandro Gallardo. Entonces, la Jefatura de la Polic\u00eda funcionaba en un edificio en la hoy calle Arturo Illia 979, de Resistencia. Poco despu\u00e9s se dispuso su traslado &hellip;<\/p>\n","protected":false},"author":2,"featured_media":30068,"comment_status":"open","ping_status":"open","sticky":false,"template":"","format":"standard","meta":{"_jetpack_memberships_contains_paid_content":false,"footnotes":"","jetpack_publicize_message":"","jetpack_publicize_feature_enabled":true,"jetpack_social_post_already_shared":true,"jetpack_social_options":{"image_generator_settings":{"template":"highway","default_image_id":0,"font":"","enabled":false},"version":2}},"categories":[394],"tags":[],"class_list":["post-30067","post","type-post","status-publish","format-standard","has-post-thumbnail","hentry","category-efemerides"],"jetpack_publicize_connections":[],"jetpack_featured_media_url":"https:\/\/portalmovil.com.ar\/wp-content\/uploads\/2021\/06\/FB_IMG_1623728908197.jpg","jetpack_sharing_enabled":true,"amp_enabled":true,"_links":{"self":[{"href":"https:\/\/portalmovil.com.ar\/index.php\/wp-json\/wp\/v2\/posts\/30067","targetHints":{"allow":["GET"]}}],"collection":[{"href":"https:\/\/portalmovil.com.ar\/index.php\/wp-json\/wp\/v2\/posts"}],"about":[{"href":"https:\/\/portalmovil.com.ar\/index.php\/wp-json\/wp\/v2\/types\/post"}],"author":[{"embeddable":true,"href":"https:\/\/portalmovil.com.ar\/index.php\/wp-json\/wp\/v2\/users\/2"}],"replies":[{"embeddable":true,"href":"https:\/\/portalmovil.com.ar\/index.php\/wp-json\/wp\/v2\/comments?post=30067"}],"version-history":[{"count":1,"href":"https:\/\/portalmovil.com.ar\/index.php\/wp-json\/wp\/v2\/posts\/30067\/revisions"}],"predecessor-version":[{"id":30069,"href":"https:\/\/portalmovil.com.ar\/index.php\/wp-json\/wp\/v2\/posts\/30067\/revisions\/30069"}],"wp:featuredmedia":[{"embeddable":true,"href":"https:\/\/portalmovil.com.ar\/index.php\/wp-json\/wp\/v2\/media\/30068"}],"wp:attachment":[{"href":"https:\/\/portalmovil.com.ar\/index.php\/wp-json\/wp\/v2\/media?parent=30067"}],"wp:term":[{"taxonomy":"category","embeddable":true,"href":"https:\/\/portalmovil.com.ar\/index.php\/wp-json\/wp\/v2\/categories?post=30067"},{"taxonomy":"post_tag","embeddable":true,"href":"https:\/\/portalmovil.com.ar\/index.php\/wp-json\/wp\/v2\/tags?post=30067"}],"curies":[{"name":"wp","href":"https:\/\/api.w.org\/{rel}","templated":true}]}}