{"id":30063,"date":"2021-06-14T23:28:26","date_gmt":"2021-06-15T02:28:26","guid":{"rendered":"https:\/\/portalmovil.com.ar\/?p=30063"},"modified":"2021-06-14T23:28:29","modified_gmt":"2021-06-15T02:28:29","slug":"puerto-vilelas-municipio-ultima-detalles-para-la-construccion-del-nuevo-hospital","status":"publish","type":"post","link":"https:\/\/portalmovil.com.ar\/index.php\/2021\/06\/14\/puerto-vilelas-municipio-ultima-detalles-para-la-construccion-del-nuevo-hospital\/","title":{"rendered":"Puerto Vilelas: Municipio ultima detalles para la construcci\u00f3n del nuevo hospital"},"content":{"rendered":"\n<p>El intendente de Puerto Vilelas, V\u00edctor Rea junto a la presidenta del Concejo Gladys Gonz\u00e1lez y el secretario de Obras y Servicios P\u00fablicos Javier Gonz\u00e1lez, culminaron con las cuestiones y gestiones referidas al proyecto para la construcci\u00f3n del nuevo hospital.<\/p>\n\n\n\n<p>Al respecto, el jefe comunal vilelense precis\u00f3 lo abordado junto a dem\u00e1s autoridades municipales sobre \u201clas factibilidades que le estaban haciendo para el nuevo proyecto, cerrarlo y que Infraestructura Hospitalaria nos diera su aprobaci\u00f3n\u201d.<\/p>\n\n\n\n<p>Adem\u00e1s, V\u00edctor Rea remarc\u00f3 las distintas obras que se est\u00e1n realizando y las que vendr\u00e1n, \u201cdonde resulta indispensable trabajar codo a codo con Provincia y Naci\u00f3n y de esta manera cubrir todas las demandas que vayan surgiendo por parte de nuestro pueblo\u201d.<\/p>\n\n\n\n<p>\u201cEstoy seguro que junto a nuestro equipo encontraremos las pol\u00edticas p\u00fablicas necesarias para poner a Puerto Vilelas como una localidad con respuestas a todos y todas\u201d, finaliz\u00f3 el intendente.<\/p>\n","protected":false},"excerpt":{"rendered":"<p>El intendente de Puerto Vilelas, V\u00edctor Rea junto a la presidenta del Concejo Gladys Gonz\u00e1lez y el secretario de Obras y Servicios P\u00fablicos Javier Gonz\u00e1lez, culminaron con las cuestiones y gestiones referidas al proyecto para la construcci\u00f3n del nuevo hospital. Al respecto, el jefe comunal vilelense precis\u00f3 lo abordado junto a dem\u00e1s autoridades municipales sobre &hellip;<\/p>\n","protected":false},"author":2,"featured_media":30065,"comment_status":"open","ping_status":"open","sticky":false,"template":"","format":"standard","meta":{"_jetpack_memberships_contains_paid_content":false,"footnotes":"","jetpack_publicize_message":"","jetpack_publicize_feature_enabled":true,"jetpack_social_post_already_shared":true,"jetpack_social_options":{"image_generator_settings":{"template":"highway","default_image_id":0,"font":"","enabled":false},"version":2}},"categories":[5,14],"tags":[],"class_list":["post-30063","post","type-post","status-publish","format-standard","has-post-thumbnail","hentry","category-chaco","category-politica"],"jetpack_publicize_connections":[],"jetpack_featured_media_url":"https:\/\/portalmovil.com.ar\/wp-content\/uploads\/2021\/06\/IMG-20210614-WA0084.jpg","jetpack_sharing_enabled":true,"amp_enabled":true,"_links":{"self":[{"href":"https:\/\/portalmovil.com.ar\/index.php\/wp-json\/wp\/v2\/posts\/30063","targetHints":{"allow":["GET"]}}],"collection":[{"href":"https:\/\/portalmovil.com.ar\/index.php\/wp-json\/wp\/v2\/posts"}],"about":[{"href":"https:\/\/portalmovil.com.ar\/index.php\/wp-json\/wp\/v2\/types\/post"}],"author":[{"embeddable":true,"href":"https:\/\/portalmovil.com.ar\/index.php\/wp-json\/wp\/v2\/users\/2"}],"replies":[{"embeddable":true,"href":"https:\/\/portalmovil.com.ar\/index.php\/wp-json\/wp\/v2\/comments?post=30063"}],"version-history":[{"count":1,"href":"https:\/\/portalmovil.com.ar\/index.php\/wp-json\/wp\/v2\/posts\/30063\/revisions"}],"predecessor-version":[{"id":30066,"href":"https:\/\/portalmovil.com.ar\/index.php\/wp-json\/wp\/v2\/posts\/30063\/revisions\/30066"}],"wp:featuredmedia":[{"embeddable":true,"href":"https:\/\/portalmovil.com.ar\/index.php\/wp-json\/wp\/v2\/media\/30065"}],"wp:attachment":[{"href":"https:\/\/portalmovil.com.ar\/index.php\/wp-json\/wp\/v2\/media?parent=30063"}],"wp:term":[{"taxonomy":"category","embeddable":true,"href":"https:\/\/portalmovil.com.ar\/index.php\/wp-json\/wp\/v2\/categories?post=30063"},{"taxonomy":"post_tag","embeddable":true,"href":"https:\/\/portalmovil.com.ar\/index.php\/wp-json\/wp\/v2\/tags?post=30063"}],"curies":[{"name":"wp","href":"https:\/\/api.w.org\/{rel}","templated":true}]}}