{"id":29850,"date":"2021-06-12T08:35:57","date_gmt":"2021-06-12T11:35:57","guid":{"rendered":"https:\/\/portalmovil.com.ar\/?p=29850"},"modified":"2021-06-12T08:36:00","modified_gmt":"2021-06-12T11:36:00","slug":"victoria-donda-me-parece-un-hecho-historico-que-el-presidente-se-haya-disculpado-por-su-frase","status":"publish","type":"post","link":"https:\/\/portalmovil.com.ar\/index.php\/2021\/06\/12\/victoria-donda-me-parece-un-hecho-historico-que-el-presidente-se-haya-disculpado-por-su-frase\/","title":{"rendered":"Victoria Donda: \u201cMe parece un hecho hist\u00f3rico que el presidente se haya disculpado por su frase\u201d"},"content":{"rendered":"\n<p>Alberto Fern\u00e1ndez le envi\u00f3 una carta el jueves a la titular del Instituto Nacional contra la Discriminaci\u00f3n, la Xenofobia y el Racismo (INADI), Victoria Donda, para poner \u201ca consideraci\u00f3n\u201d del organismo los pol\u00e9micos dichos que pronunci\u00f3 este mi\u00e9rcoles sobre los argentinos, los brasile\u00f1os y los mexicanos. \u201cEstoy orgulloso de nuestra diversidad\u201d, asegur\u00f3 el Presidente.<\/p>\n\n\n\n<p>\u201cEn el d\u00eda de ayer (por el mi\u00e9rcoles) cit\u00e9 una frase, \u2018los argentinos llegamos de los barcos\u2019, que advierto que mueve algunos prejuicios que hay en nuestra sociedad. Con quienes se sintieron ofendidos con mis dichos no dud\u00e9 en disculparme. Pero como observo que ha sido interpretada por algunos de un modo que contradice mis acciones y nuestras decisiones de gobierno, me permito poner a su consideraci\u00f3n estas reflexiones a los fines que usted considere que correspondan\u201d, asegura el mandatario en su escrito.<\/p>\n\n\n\n<p>Este viernes, Donda calific\u00f3 la iniciativa como un hecho \u201chist\u00f3rico y destacable\u201d, que representa una \u201cexcelente pr\u00e1ctica\u201d por parte de un funcionario p\u00fablico.<\/p>\n\n\n\n<p>\u201cMe parece hist\u00f3rico que salga a disculparse por algo que hizo y pudo haber ofendido a muchas comunidades. El Inadi protege a esas comunidades y la carta es p\u00fablica\u201d, declar\u00f3 la funcionaria en di\u00e1logo con Luis Novaresio en radio La Red.<\/p>\n\n\n\n<p>Donda explic\u00f3 que el Instituto que ella comanda no puede tomar m\u00e1s decisiones que solicitarle al Presidente que llame a la reflexi\u00f3n por sus dichos. \u201cLo que s\u00ed se va a hacer es presentar una ley para modificar la actual ley antidiscriminaci\u00f3n para que incluya sanciones para toda la administraci\u00f3n p\u00fablica y para empresas con participaci\u00f3n del Estado\u201d, agreg\u00f3.<\/p>\n\n\n\n<p>Si bien el Inadi deber\u00eda ser un organismo independiente, se encuentra intervenido por el Poder Ejecutivo desde hace 10 a\u00f1os, lo cual plantea una paradoja: el jefe de Estado present\u00f3 una aclaraci\u00f3n ante un organismo que depende de \u00e9l.<\/p>\n\n\n\n<p>El Presidente no solo fue criticado por pueblos originarios, sino tambi\u00e9n por los medios m\u00e1s importantes de M\u00e9xico y Brasil. El presidente del pa\u00eds vecino, Jair Bolsonaro, se expres\u00f3 de manera ir\u00f3nica al respecto. \u201cRecuerdo cuando (Hugo) Ch\u00e1vez muri\u00f3 y asumi\u00f3 Maduro, que dec\u00eda que hablaba con pajaritos en los que hab\u00eda encarnado la figura de Ch\u00e1vez. Para ellos, no hay vacunas\u201d, dijo.<\/p>\n","protected":false},"excerpt":{"rendered":"<p>Alberto Fern\u00e1ndez le envi\u00f3 una carta el jueves a la titular del Instituto Nacional contra la Discriminaci\u00f3n, la Xenofobia y el Racismo (INADI), Victoria Donda, para poner \u201ca consideraci\u00f3n\u201d del organismo los pol\u00e9micos dichos que pronunci\u00f3 este mi\u00e9rcoles sobre los argentinos, los brasile\u00f1os y los mexicanos. \u201cEstoy orgulloso de nuestra diversidad\u201d, asegur\u00f3 el Presidente. \u201cEn &hellip;<\/p>\n","protected":false},"author":2,"featured_media":16734,"comment_status":"open","ping_status":"open","sticky":false,"template":"","format":"standard","meta":{"_jetpack_memberships_contains_paid_content":false,"footnotes":"","jetpack_publicize_message":"","jetpack_publicize_feature_enabled":true,"jetpack_social_post_already_shared":true,"jetpack_social_options":{"image_generator_settings":{"template":"highway","default_image_id":0,"font":"","enabled":false},"version":2}},"categories":[639,14],"tags":[],"class_list":["post-29850","post","type-post","status-publish","format-standard","has-post-thumbnail","hentry","category-argentina","category-politica"],"jetpack_publicize_connections":[],"jetpack_featured_media_url":"https:\/\/portalmovil.com.ar\/wp-content\/uploads\/2020\/12\/Donda-Victoria-w.jpg","jetpack_sharing_enabled":true,"amp_enabled":true,"_links":{"self":[{"href":"https:\/\/portalmovil.com.ar\/index.php\/wp-json\/wp\/v2\/posts\/29850","targetHints":{"allow":["GET"]}}],"collection":[{"href":"https:\/\/portalmovil.com.ar\/index.php\/wp-json\/wp\/v2\/posts"}],"about":[{"href":"https:\/\/portalmovil.com.ar\/index.php\/wp-json\/wp\/v2\/types\/post"}],"author":[{"embeddable":true,"href":"https:\/\/portalmovil.com.ar\/index.php\/wp-json\/wp\/v2\/users\/2"}],"replies":[{"embeddable":true,"href":"https:\/\/portalmovil.com.ar\/index.php\/wp-json\/wp\/v2\/comments?post=29850"}],"version-history":[{"count":1,"href":"https:\/\/portalmovil.com.ar\/index.php\/wp-json\/wp\/v2\/posts\/29850\/revisions"}],"predecessor-version":[{"id":29851,"href":"https:\/\/portalmovil.com.ar\/index.php\/wp-json\/wp\/v2\/posts\/29850\/revisions\/29851"}],"wp:featuredmedia":[{"embeddable":true,"href":"https:\/\/portalmovil.com.ar\/index.php\/wp-json\/wp\/v2\/media\/16734"}],"wp:attachment":[{"href":"https:\/\/portalmovil.com.ar\/index.php\/wp-json\/wp\/v2\/media?parent=29850"}],"wp:term":[{"taxonomy":"category","embeddable":true,"href":"https:\/\/portalmovil.com.ar\/index.php\/wp-json\/wp\/v2\/categories?post=29850"},{"taxonomy":"post_tag","embeddable":true,"href":"https:\/\/portalmovil.com.ar\/index.php\/wp-json\/wp\/v2\/tags?post=29850"}],"curies":[{"name":"wp","href":"https:\/\/api.w.org\/{rel}","templated":true}]}}